{"id":9889,"date":"2019-06-03T16:08:29","date_gmt":"2019-06-03T14:08:29","guid":{"rendered":"https:\/\/oui-oui.es\/blog\/?p=9889"},"modified":"2019-06-03T16:26:43","modified_gmt":"2019-06-03T14:26:43","slug":"la-montana-palentina-y-sus-bisontes","status":"publish","type":"post","link":"https:\/\/oui-oui.es\/blog\/la-montana-palentina-y-sus-bisontes\/","title":{"rendered":"La monta\u00f1a Palentina y sus bisontes"},"content":{"rendered":"\n<figure class=\"wp-block-image\"><img loading=\"lazy\" decoding=\"async\" width=\"1024\" height=\"852\" src=\"https:\/\/oui-oui.es\/blog\/wp-content\/uploads\/2019\/06\/Oui-Oui-bisontes-para-ni\u00f1os-planes-con-ni\u00f1os-bisontes-palencia-bisonbonasus-1024x852.jpg\" alt=\"\" class=\"wp-image-9902\" srcset=\"https:\/\/oui-oui.es\/blog\/wp-content\/uploads\/2019\/06\/Oui-Oui-bisontes-para-ni\u00f1os-planes-con-ni\u00f1os-bisontes-palencia-bisonbonasus-1024x852.jpg 1024w, https:\/\/oui-oui.es\/blog\/wp-content\/uploads\/2019\/06\/Oui-Oui-bisontes-para-ni\u00f1os-planes-con-ni\u00f1os-bisontes-palencia-bisonbonasus-300x250.jpg 300w, https:\/\/oui-oui.es\/blog\/wp-content\/uploads\/2019\/06\/Oui-Oui-bisontes-para-ni\u00f1os-planes-con-ni\u00f1os-bisontes-palencia-bisonbonasus-768x639.jpg 768w, https:\/\/oui-oui.es\/blog\/wp-content\/uploads\/2019\/06\/Oui-Oui-bisontes-para-ni\u00f1os-planes-con-ni\u00f1os-bisontes-palencia-bisonbonasus-600x499.jpg 600w, https:\/\/oui-oui.es\/blog\/wp-content\/uploads\/2019\/06\/Oui-Oui-bisontes-para-ni\u00f1os-planes-con-ni\u00f1os-bisontes-palencia-bisonbonasus-640x532.jpg 640w, https:\/\/oui-oui.es\/blog\/wp-content\/uploads\/2019\/06\/Oui-Oui-bisontes-para-ni\u00f1os-planes-con-ni\u00f1os-bisontes-palencia-bisonbonasus.jpg 1512w\" sizes=\"auto, (max-width: 1024px) 100vw, 1024px\" \/><\/figure>\n\n\n\n<p>Si lleva leyendo este blog tiempo sabes lo que me gusta hacer planes distintos y diferentes, normalmente suelo proponerlos y organizarlos yo, as\u00ed que <strong>cuando llega un amigo<\/strong> de tu marido, propone un <strong>plan s\u00faper apetecible<\/strong> como <strong>ir a ver una <a href=\"https:\/\/bisonbonasus.com\/\" target=\"_blank\" rel=\"noreferrer noopener\" aria-label=\"reserva de bisontes (opens in a new tab)\">reserva de bisontes<\/a><\/strong> pero, adem\u00e1s, <strong>se ocupa de TODO lo dem\u00e1s<\/strong> (buscar alojamiento, restaurantes, plan para el d\u00eda siguiente&#8230;) <strong>es para hacerle la ola, sobretodo cuando acierta con todo<\/strong>. Ha sido un \u00e9xito de fin de semana y de planes \ud83d\ude42<\/p>\n\n\n\n<p>Lo cierto es que cuando, de camino a Asturias, pas\u00e1bamos por el cartel que dice <strong>\u00abMonta\u00f1a Palentina\u00bb<\/strong> siempre nos pic\u00f3 la curiosidad de lo que ser\u00eda, mi desconocimiento de la provincia de Palencia hasta el momento me hac\u00eda pensar siempre en ella como una zona \u00e1rida, amarilla y seca.<\/p>\n\n\n\n<figure class=\"wp-block-image\"><img loading=\"lazy\" decoding=\"async\" width=\"768\" height=\"1024\" src=\"https:\/\/oui-oui.es\/blog\/wp-content\/uploads\/2019\/06\/Oui-Oui-monta\u00f1a-palentina-planes-con-ni\u00f1os-reserva-bisontes-bisonbonasus-museo-mineria-aguilar-de-campoo-2-e1559570074724-768x1024.jpg\" alt=\"\" class=\"wp-image-9892\" srcset=\"https:\/\/oui-oui.es\/blog\/wp-content\/uploads\/2019\/06\/Oui-Oui-monta\u00f1a-palentina-planes-con-ni\u00f1os-reserva-bisontes-bisonbonasus-museo-mineria-aguilar-de-campoo-2-e1559570074724-768x1024.jpg 768w, https:\/\/oui-oui.es\/blog\/wp-content\/uploads\/2019\/06\/Oui-Oui-monta\u00f1a-palentina-planes-con-ni\u00f1os-reserva-bisontes-bisonbonasus-museo-mineria-aguilar-de-campoo-2-e1559570074724-225x300.jpg 225w, https:\/\/oui-oui.es\/blog\/wp-content\/uploads\/2019\/06\/Oui-Oui-monta\u00f1a-palentina-planes-con-ni\u00f1os-reserva-bisontes-bisonbonasus-museo-mineria-aguilar-de-campoo-2-e1559570074724-600x800.jpg 600w, https:\/\/oui-oui.es\/blog\/wp-content\/uploads\/2019\/06\/Oui-Oui-monta\u00f1a-palentina-planes-con-ni\u00f1os-reserva-bisontes-bisonbonasus-museo-mineria-aguilar-de-campoo-2-e1559570074724-640x853.jpg 640w, https:\/\/oui-oui.es\/blog\/wp-content\/uploads\/2019\/06\/Oui-Oui-monta\u00f1a-palentina-planes-con-ni\u00f1os-reserva-bisontes-bisonbonasus-museo-mineria-aguilar-de-campoo-2-e1559570074724.jpg 1512w\" sizes=\"auto, (max-width: 768px) 100vw, 768px\" \/><\/figure>\n\n\n\n<p>Pues nada m\u00e1s lejos de la realidad, la zona de la <strong>Monta\u00f1a Palentina<\/strong> nos ha conquistado, sobretodo cuando nuestra primera parada fue <strong>el pantano de<\/strong> <strong>Aguilar de Campoo<\/strong>, al que desde ya quiero volver, ya que fuimos s\u00f3lo a comer (al <a href=\"http:\/\/www.elchili.es\/\" target=\"_blank\" rel=\"noreferrer noopener\" aria-label=\"restaurante el Chilli (opens in a new tab)\">restaurante el Chilli<\/a>) y ten\u00edamos que irnos pronto para hacer la visita a la <strong>reserva de bisontes<\/strong> <strong><a rel=\"noreferrer noopener\" aria-label=\"BisonBonasus (opens in a new tab)\" href=\"https:\/\/bisonbonasus.com\/\" target=\"_blank\">BisonBonasus<\/a><\/strong>, <strong>la \u00fanica reserva de bisonte europeo en Espa\u00f1a<\/strong> que lleva manteni\u00e9ndolos, cuid\u00e1ndolos y permitiendo que se reproduzcan desde 2010, en estos momentos tienen 14 ejemplares en Palencia, en el mundo hay varias decenas m\u00e1s pero lo m\u00e1s curioso de todo es que todos los bisontes europeos que hay ahora mismo en el mundo descienden \u00fanicamente de 12 bisontes, eso hace que a veces haya problemas de consanguineidad y por tanto las cr\u00edas no salgan adelante.<\/p>\n\n\n\n<figure class=\"wp-block-image\"><img loading=\"lazy\" decoding=\"async\" width=\"768\" height=\"1024\" src=\"https:\/\/oui-oui.es\/blog\/wp-content\/uploads\/2019\/06\/Oui-Oui-monta\u00f1a-palentina-planes-con-ni\u00f1os-reserva-bisontes-bisonbonasus-museo-mineria-aguilar-de-campoo-3-e1559569898162-768x1024.jpg\" alt=\"\" class=\"wp-image-9895\" srcset=\"https:\/\/oui-oui.es\/blog\/wp-content\/uploads\/2019\/06\/Oui-Oui-monta\u00f1a-palentina-planes-con-ni\u00f1os-reserva-bisontes-bisonbonasus-museo-mineria-aguilar-de-campoo-3-e1559569898162-768x1024.jpg 768w, https:\/\/oui-oui.es\/blog\/wp-content\/uploads\/2019\/06\/Oui-Oui-monta\u00f1a-palentina-planes-con-ni\u00f1os-reserva-bisontes-bisonbonasus-museo-mineria-aguilar-de-campoo-3-e1559569898162-225x300.jpg 225w, https:\/\/oui-oui.es\/blog\/wp-content\/uploads\/2019\/06\/Oui-Oui-monta\u00f1a-palentina-planes-con-ni\u00f1os-reserva-bisontes-bisonbonasus-museo-mineria-aguilar-de-campoo-3-e1559569898162-600x800.jpg 600w, https:\/\/oui-oui.es\/blog\/wp-content\/uploads\/2019\/06\/Oui-Oui-monta\u00f1a-palentina-planes-con-ni\u00f1os-reserva-bisontes-bisonbonasus-museo-mineria-aguilar-de-campoo-3-e1559569898162-640x853.jpg 640w, https:\/\/oui-oui.es\/blog\/wp-content\/uploads\/2019\/06\/Oui-Oui-monta\u00f1a-palentina-planes-con-ni\u00f1os-reserva-bisontes-bisonbonasus-museo-mineria-aguilar-de-campoo-3-e1559569898162.jpg 1512w\" sizes=\"auto, (max-width: 768px) 100vw, 768px\" \/><\/figure>\n\n\n\n<figure class=\"wp-block-image\"><img loading=\"lazy\" decoding=\"async\" width=\"768\" height=\"1024\" src=\"https:\/\/oui-oui.es\/blog\/wp-content\/uploads\/2019\/06\/Oui-Oui-monta\u00f1a-palentina-planes-con-ni\u00f1os-reserva-bisontes-bisonbonasus-museo-mineria-aguilar-de-campoo-4-e1559569941308-768x1024.jpg\" alt=\"\" class=\"wp-image-9896\" srcset=\"https:\/\/oui-oui.es\/blog\/wp-content\/uploads\/2019\/06\/Oui-Oui-monta\u00f1a-palentina-planes-con-ni\u00f1os-reserva-bisontes-bisonbonasus-museo-mineria-aguilar-de-campoo-4-e1559569941308-768x1024.jpg 768w, https:\/\/oui-oui.es\/blog\/wp-content\/uploads\/2019\/06\/Oui-Oui-monta\u00f1a-palentina-planes-con-ni\u00f1os-reserva-bisontes-bisonbonasus-museo-mineria-aguilar-de-campoo-4-e1559569941308-225x300.jpg 225w, https:\/\/oui-oui.es\/blog\/wp-content\/uploads\/2019\/06\/Oui-Oui-monta\u00f1a-palentina-planes-con-ni\u00f1os-reserva-bisontes-bisonbonasus-museo-mineria-aguilar-de-campoo-4-e1559569941308-600x800.jpg 600w, https:\/\/oui-oui.es\/blog\/wp-content\/uploads\/2019\/06\/Oui-Oui-monta\u00f1a-palentina-planes-con-ni\u00f1os-reserva-bisontes-bisonbonasus-museo-mineria-aguilar-de-campoo-4-e1559569941308-640x853.jpg 640w, https:\/\/oui-oui.es\/blog\/wp-content\/uploads\/2019\/06\/Oui-Oui-monta\u00f1a-palentina-planes-con-ni\u00f1os-reserva-bisontes-bisonbonasus-museo-mineria-aguilar-de-campoo-4-e1559569941308.jpg 1512w\" sizes=\"auto, (max-width: 768px) 100vw, 768px\" \/><\/figure>\n\n\n\n<p>Una reserva a la que me gustar\u00eda volver en invierno, para ver a los bisontes en la nieve como en esta fotograf\u00eda.<\/p>\n\n\n\n<figure class=\"wp-block-image\"><img loading=\"lazy\" decoding=\"async\" width=\"695\" height=\"376\" src=\"https:\/\/oui-oui.es\/blog\/wp-content\/uploads\/2019\/06\/Oui-Oui-reserva-bisontes-bisonbonasus-bisontes-nieve-proyecto-prehistoria-actividades.jpg\" alt=\"\" class=\"wp-image-9890\" srcset=\"https:\/\/oui-oui.es\/blog\/wp-content\/uploads\/2019\/06\/Oui-Oui-reserva-bisontes-bisonbonasus-bisontes-nieve-proyecto-prehistoria-actividades.jpg 695w, https:\/\/oui-oui.es\/blog\/wp-content\/uploads\/2019\/06\/Oui-Oui-reserva-bisontes-bisonbonasus-bisontes-nieve-proyecto-prehistoria-actividades-300x162.jpg 300w, https:\/\/oui-oui.es\/blog\/wp-content\/uploads\/2019\/06\/Oui-Oui-reserva-bisontes-bisonbonasus-bisontes-nieve-proyecto-prehistoria-actividades-600x325.jpg 600w, https:\/\/oui-oui.es\/blog\/wp-content\/uploads\/2019\/06\/Oui-Oui-reserva-bisontes-bisonbonasus-bisontes-nieve-proyecto-prehistoria-actividades-640x346.jpg 640w\" sizes=\"auto, (max-width: 695px) 100vw, 695px\" \/><\/figure>\n\n\n\n<p>Parte del <strong>encanto de la monta\u00f1a palentina<\/strong> viene de sus colores y <strong>vegetaci\u00f3n<\/strong>, mucho m\u00e1s verde de lo que me imaginaba (una mezcla entre el paisaje leon\u00e9s y el asturiano, menos verde que este \u00faltimo) y sus <strong>pueblecitos<\/strong>, con tan baja densidad de poblaci\u00f3n, una zona a\u00fan no muy conocida pero que, sin embargo, <strong>nos ha sorprendido por la cantidad de actividades que han montado alrededor<\/strong> (desde la reserva de bisontes hasta el museo de la miner\u00eda, pasando por esculturas en mitad del campo, m\u00e1s museos,etc&#8230;).<\/p>\n\n\n\n<figure class=\"wp-block-image\"><img loading=\"lazy\" decoding=\"async\" width=\"1024\" height=\"863\" src=\"https:\/\/oui-oui.es\/blog\/wp-content\/uploads\/2019\/06\/Oui-Oui-planes-con-ni\u00f1os-monta\u00f1a-palentina-museo-mineria-casasola-3-1024x863.jpg\" alt=\"\" class=\"wp-image-9900\" srcset=\"https:\/\/oui-oui.es\/blog\/wp-content\/uploads\/2019\/06\/Oui-Oui-planes-con-ni\u00f1os-monta\u00f1a-palentina-museo-mineria-casasola-3-1024x863.jpg 1024w, https:\/\/oui-oui.es\/blog\/wp-content\/uploads\/2019\/06\/Oui-Oui-planes-con-ni\u00f1os-monta\u00f1a-palentina-museo-mineria-casasola-3-300x253.jpg 300w, https:\/\/oui-oui.es\/blog\/wp-content\/uploads\/2019\/06\/Oui-Oui-planes-con-ni\u00f1os-monta\u00f1a-palentina-museo-mineria-casasola-3-768x647.jpg 768w, https:\/\/oui-oui.es\/blog\/wp-content\/uploads\/2019\/06\/Oui-Oui-planes-con-ni\u00f1os-monta\u00f1a-palentina-museo-mineria-casasola-3-600x506.jpg 600w, https:\/\/oui-oui.es\/blog\/wp-content\/uploads\/2019\/06\/Oui-Oui-planes-con-ni\u00f1os-monta\u00f1a-palentina-museo-mineria-casasola-3-640x539.jpg 640w, https:\/\/oui-oui.es\/blog\/wp-content\/uploads\/2019\/06\/Oui-Oui-planes-con-ni\u00f1os-monta\u00f1a-palentina-museo-mineria-casasola-3.jpg 1512w\" sizes=\"auto, (max-width: 1024px) 100vw, 1024px\" \/><\/figure>\n\n\n\n<p>Adem\u00e1s, me gust\u00f3 mucho que <strong>en todos los sitios donde estuvimos el personal era del propio pueblo<\/strong>, desde la chica que nos hizo la visita guiada de los bisontes hasta el chico que nos ense\u00f1\u00f3 <strong>la mina del Centro de Interpretaci\u00f3n de la Miner\u00eda<\/strong> en <strong>Barruelo de Santull\u00e1n. <\/strong><\/p>\n\n\n\n<figure class=\"wp-block-image\"><img loading=\"lazy\" decoding=\"async\" width=\"768\" height=\"1024\" src=\"https:\/\/oui-oui.es\/blog\/wp-content\/uploads\/2019\/06\/Oui-Oui-monta\u00f1a-palentina-planes-con-ni\u00f1os-reserva-bisontes-bisonbonasus-museo-mineria-aguilar-de-campoo-7-e1559570127620-768x1024.jpg\" alt=\"\" class=\"wp-image-9894\" srcset=\"https:\/\/oui-oui.es\/blog\/wp-content\/uploads\/2019\/06\/Oui-Oui-monta\u00f1a-palentina-planes-con-ni\u00f1os-reserva-bisontes-bisonbonasus-museo-mineria-aguilar-de-campoo-7-e1559570127620-768x1024.jpg 768w, https:\/\/oui-oui.es\/blog\/wp-content\/uploads\/2019\/06\/Oui-Oui-monta\u00f1a-palentina-planes-con-ni\u00f1os-reserva-bisontes-bisonbonasus-museo-mineria-aguilar-de-campoo-7-e1559570127620-225x300.jpg 225w, https:\/\/oui-oui.es\/blog\/wp-content\/uploads\/2019\/06\/Oui-Oui-monta\u00f1a-palentina-planes-con-ni\u00f1os-reserva-bisontes-bisonbonasus-museo-mineria-aguilar-de-campoo-7-e1559570127620-600x800.jpg 600w, https:\/\/oui-oui.es\/blog\/wp-content\/uploads\/2019\/06\/Oui-Oui-monta\u00f1a-palentina-planes-con-ni\u00f1os-reserva-bisontes-bisonbonasus-museo-mineria-aguilar-de-campoo-7-e1559570127620-640x853.jpg 640w, https:\/\/oui-oui.es\/blog\/wp-content\/uploads\/2019\/06\/Oui-Oui-monta\u00f1a-palentina-planes-con-ni\u00f1os-reserva-bisontes-bisonbonasus-museo-mineria-aguilar-de-campoo-7-e1559570127620.jpg 1512w\" sizes=\"auto, (max-width: 768px) 100vw, 768px\" \/><\/figure>\n\n\n\n<p>Este chico result\u00f3 ser <strong>hijo, sobrino y nieto de mineros<\/strong>, por lo que imaginaos c\u00f3mo nos exlic\u00f3 todo de bien y la forma tan cercana que tuvo de hacerlo, adem\u00e1s de responder a todas nuestras curiosidades con todo tipo de detalles.<\/p>\n\n\n\n<p><strong><a href=\"https:\/\/www.turismobarruelo.com\/cim\/museo-minero.php\" target=\"_blank\" rel=\"noreferrer noopener\" aria-label=\"El Museo de la miner\u00eda (opens in a new tab)\">El Museo de la miner\u00eda<\/a><\/strong> es otro plan muy divertido, incluye la visita a la recreaci\u00f3n de una mina (las minas de Barruelo eran de las m\u00e1s peligrosas de Espa\u00f1a por lo que no ser\u00eda posible entrar en una de verdad), una recreaci\u00f3n muy real y que hace que empatices mucho con el tipo de vida que llevaban los mineros.<\/p>\n\n\n\n<figure class=\"wp-block-image\"><img loading=\"lazy\" decoding=\"async\" width=\"768\" height=\"1024\" src=\"https:\/\/oui-oui.es\/blog\/wp-content\/uploads\/2019\/06\/Oui-Oui-planes-con-ni\u00f1os-monta\u00f1a-palentina-museo-mineria-casasola-2-e1559571100713-768x1024.jpg\" alt=\"\" class=\"wp-image-9901\" srcset=\"https:\/\/oui-oui.es\/blog\/wp-content\/uploads\/2019\/06\/Oui-Oui-planes-con-ni\u00f1os-monta\u00f1a-palentina-museo-mineria-casasola-2-e1559571100713-768x1024.jpg 768w, https:\/\/oui-oui.es\/blog\/wp-content\/uploads\/2019\/06\/Oui-Oui-planes-con-ni\u00f1os-monta\u00f1a-palentina-museo-mineria-casasola-2-e1559571100713-225x300.jpg 225w, https:\/\/oui-oui.es\/blog\/wp-content\/uploads\/2019\/06\/Oui-Oui-planes-con-ni\u00f1os-monta\u00f1a-palentina-museo-mineria-casasola-2-e1559571100713-600x800.jpg 600w, https:\/\/oui-oui.es\/blog\/wp-content\/uploads\/2019\/06\/Oui-Oui-planes-con-ni\u00f1os-monta\u00f1a-palentina-museo-mineria-casasola-2-e1559571100713-640x853.jpg 640w, https:\/\/oui-oui.es\/blog\/wp-content\/uploads\/2019\/06\/Oui-Oui-planes-con-ni\u00f1os-monta\u00f1a-palentina-museo-mineria-casasola-2-e1559571100713.jpg 1512w\" sizes=\"auto, (max-width: 768px) 100vw, 768px\" \/><\/figure>\n\n\n\n<p>Me qued\u00e9 con ganas de conocer el <strong>Parador de Cervera de Pisuerga<\/strong> , por su terraza y sus vistas y estoy segura de que esta comarca palentina alberga muchas m\u00e1s cosas por lo que volveremos.<\/p>\n\n\n\n<figure class=\"wp-block-image\"><img loading=\"lazy\" decoding=\"async\" width=\"644\" height=\"483\" src=\"https:\/\/oui-oui.es\/blog\/wp-content\/uploads\/2019\/06\/Oui-Oui-monta\u00f1a-palentina-planes-con-ni\u00f1os-parador-cervera-de-pisuerga.jpg\" alt=\"\" class=\"wp-image-9891\" srcset=\"https:\/\/oui-oui.es\/blog\/wp-content\/uploads\/2019\/06\/Oui-Oui-monta\u00f1a-palentina-planes-con-ni\u00f1os-parador-cervera-de-pisuerga.jpg 644w, https:\/\/oui-oui.es\/blog\/wp-content\/uploads\/2019\/06\/Oui-Oui-monta\u00f1a-palentina-planes-con-ni\u00f1os-parador-cervera-de-pisuerga-300x225.jpg 300w, https:\/\/oui-oui.es\/blog\/wp-content\/uploads\/2019\/06\/Oui-Oui-monta\u00f1a-palentina-planes-con-ni\u00f1os-parador-cervera-de-pisuerga-600x450.jpg 600w, https:\/\/oui-oui.es\/blog\/wp-content\/uploads\/2019\/06\/Oui-Oui-monta\u00f1a-palentina-planes-con-ni\u00f1os-parador-cervera-de-pisuerga-640x480.jpg 640w\" sizes=\"auto, (max-width: 644px) 100vw, 644px\" \/><\/figure>\n\n\n\n<p>Las dos comidas que hicimos fuera de casa estuvieron bastante bien y a precios muy comedidos, el primer sitio, como comentaba antes, el <strong><a href=\"http:\/\/www.elchili.es\/\" target=\"_blank\" rel=\"noreferrer noopener\" aria-label=\"restaurante El Chilli (opens in a new tab)\">restaurante El Chilli<\/a><\/strong> me encant\u00f3 por las vistas y en el segundo (<strong>Restaurante Casasola<\/strong> en Reinosilla) comimos muy buena carne, calidad-precio muy buena y adem\u00e1s ten\u00eda un peque\u00f1o jard\u00edn fuera para los ni\u00f1os de lo m\u00e1s agradable, jugar en una llanura verde mientras ves las vacas y a un ternerito mamando es incre\u00edble.<\/p>\n\n\n\n<figure class=\"wp-block-image\"><img loading=\"lazy\" decoding=\"async\" width=\"1024\" height=\"916\" src=\"https:\/\/oui-oui.es\/blog\/wp-content\/uploads\/2019\/06\/Oui-Oui-planes-con-ni\u00f1os-monta\u00f1a-palentina-museo-mineria-casasola-1-1024x916.jpg\" alt=\"\" class=\"wp-image-9899\" srcset=\"https:\/\/oui-oui.es\/blog\/wp-content\/uploads\/2019\/06\/Oui-Oui-planes-con-ni\u00f1os-monta\u00f1a-palentina-museo-mineria-casasola-1-1024x916.jpg 1024w, https:\/\/oui-oui.es\/blog\/wp-content\/uploads\/2019\/06\/Oui-Oui-planes-con-ni\u00f1os-monta\u00f1a-palentina-museo-mineria-casasola-1-300x268.jpg 300w, https:\/\/oui-oui.es\/blog\/wp-content\/uploads\/2019\/06\/Oui-Oui-planes-con-ni\u00f1os-monta\u00f1a-palentina-museo-mineria-casasola-1-768x687.jpg 768w, https:\/\/oui-oui.es\/blog\/wp-content\/uploads\/2019\/06\/Oui-Oui-planes-con-ni\u00f1os-monta\u00f1a-palentina-museo-mineria-casasola-1-600x537.jpg 600w, https:\/\/oui-oui.es\/blog\/wp-content\/uploads\/2019\/06\/Oui-Oui-planes-con-ni\u00f1os-monta\u00f1a-palentina-museo-mineria-casasola-1-640x572.jpg 640w, https:\/\/oui-oui.es\/blog\/wp-content\/uploads\/2019\/06\/Oui-Oui-planes-con-ni\u00f1os-monta\u00f1a-palentina-museo-mineria-casasola-1.jpg 1512w\" sizes=\"auto, (max-width: 1024px) 100vw, 1024px\" \/><\/figure>\n\n\n\n<figure class=\"wp-block-image\"><img loading=\"lazy\" decoding=\"async\" width=\"768\" height=\"1024\" src=\"https:\/\/oui-oui.es\/blog\/wp-content\/uploads\/2019\/06\/Oui-Oui-monta\u00f1a-palentina-planes-con-ni\u00f1os-reserva-bisontes-bisonbonasus-museo-mineria-aguilar-de-campoo-1-e1559570348844-768x1024.jpg\" alt=\"\" class=\"wp-image-9893\" srcset=\"https:\/\/oui-oui.es\/blog\/wp-content\/uploads\/2019\/06\/Oui-Oui-monta\u00f1a-palentina-planes-con-ni\u00f1os-reserva-bisontes-bisonbonasus-museo-mineria-aguilar-de-campoo-1-e1559570348844-768x1024.jpg 768w, https:\/\/oui-oui.es\/blog\/wp-content\/uploads\/2019\/06\/Oui-Oui-monta\u00f1a-palentina-planes-con-ni\u00f1os-reserva-bisontes-bisonbonasus-museo-mineria-aguilar-de-campoo-1-e1559570348844-225x300.jpg 225w, https:\/\/oui-oui.es\/blog\/wp-content\/uploads\/2019\/06\/Oui-Oui-monta\u00f1a-palentina-planes-con-ni\u00f1os-reserva-bisontes-bisonbonasus-museo-mineria-aguilar-de-campoo-1-e1559570348844-600x800.jpg 600w, https:\/\/oui-oui.es\/blog\/wp-content\/uploads\/2019\/06\/Oui-Oui-monta\u00f1a-palentina-planes-con-ni\u00f1os-reserva-bisontes-bisonbonasus-museo-mineria-aguilar-de-campoo-1-e1559570348844-640x853.jpg 640w, https:\/\/oui-oui.es\/blog\/wp-content\/uploads\/2019\/06\/Oui-Oui-monta\u00f1a-palentina-planes-con-ni\u00f1os-reserva-bisontes-bisonbonasus-museo-mineria-aguilar-de-campoo-1-e1559570348844.jpg 1512w\" sizes=\"auto, (max-width: 768px) 100vw, 768px\" \/><\/figure>\n\n\n\n<figure class=\"wp-block-image\"><img loading=\"lazy\" decoding=\"async\" width=\"768\" height=\"1024\" src=\"https:\/\/oui-oui.es\/blog\/wp-content\/uploads\/2019\/06\/Oui-Oui-monta\u00f1a-palentina-planes-con-ni\u00f1os-reserva-bisontes-bisonbonasus-museo-mineria-aguilar-de-campoo-6-e1559570300895-768x1024.jpg\" alt=\"\" class=\"wp-image-9897\" srcset=\"https:\/\/oui-oui.es\/blog\/wp-content\/uploads\/2019\/06\/Oui-Oui-monta\u00f1a-palentina-planes-con-ni\u00f1os-reserva-bisontes-bisonbonasus-museo-mineria-aguilar-de-campoo-6-e1559570300895-768x1024.jpg 768w, https:\/\/oui-oui.es\/blog\/wp-content\/uploads\/2019\/06\/Oui-Oui-monta\u00f1a-palentina-planes-con-ni\u00f1os-reserva-bisontes-bisonbonasus-museo-mineria-aguilar-de-campoo-6-e1559570300895-225x300.jpg 225w, https:\/\/oui-oui.es\/blog\/wp-content\/uploads\/2019\/06\/Oui-Oui-monta\u00f1a-palentina-planes-con-ni\u00f1os-reserva-bisontes-bisonbonasus-museo-mineria-aguilar-de-campoo-6-e1559570300895-600x800.jpg 600w, https:\/\/oui-oui.es\/blog\/wp-content\/uploads\/2019\/06\/Oui-Oui-monta\u00f1a-palentina-planes-con-ni\u00f1os-reserva-bisontes-bisonbonasus-museo-mineria-aguilar-de-campoo-6-e1559570300895-640x853.jpg 640w, https:\/\/oui-oui.es\/blog\/wp-content\/uploads\/2019\/06\/Oui-Oui-monta\u00f1a-palentina-planes-con-ni\u00f1os-reserva-bisontes-bisonbonasus-museo-mineria-aguilar-de-campoo-6-e1559570300895.jpg 1512w\" sizes=\"auto, (max-width: 768px) 100vw, 768px\" \/><\/figure>\n\n\n\n<p>Nos alojamos en una casa rural tambi\u00e9n con un patio jard\u00edn s\u00faper apetecible, una casa grande para varias familias c\u00f3moda y que est\u00e1 bien (sin pretensiones decorativas, pero bien), en un <strong>pueblito chiquit\u00edn Valberzoso, Bra\u00f1osera<\/strong> y tienen otra casa grande al lado tambi\u00e9n, puedes verlas <a rel=\"noreferrer noopener\" aria-label=\"aqu\u00ed (opens in a new tab)\" href=\"http:\/\/www.valrural.com\" target=\"_blank\">aqu\u00ed<\/a>.<\/p>\n\n\n\n<p><br><\/p>\n","protected":false},"excerpt":{"rendered":"<p>Si lleva leyendo este blog tiempo sabes lo que me gusta hacer planes distintos y diferentes, normalmente suelo proponerlos y organizarlos yo, as\u00ed que cuando llega un amigo de tu marido, propone un plan s\u00faper apetecible como ir a ver una reserva de bisontes pero, adem\u00e1s, se ocupa de TODO lo dem\u00e1s (buscar alojamiento, restaurantes, [&hellip;]<\/p>\n","protected":false},"author":1,"featured_media":9902,"comment_status":"open","ping_status":"open","sticky":false,"template":"","format":"standard","meta":{"jetpack_post_was_ever_published":false,"_jetpack_newsletter_access":"","_jetpack_dont_email_post_to_subs":false,"_jetpack_newsletter_tier_id":0,"_jetpack_memberships_contains_paywalled_content":false,"_jetpack_memberships_contains_paid_content":false,"footnotes":"","jetpack_publicize_message":"","jetpack_publicize_feature_enabled":true,"jetpack_social_post_already_shared":true,"jetpack_social_options":{"image_generator_settings":{"template":"highway","default_image_id":0,"font":"","enabled":false},"version":2}},"categories":[177,174],"tags":[752,721,706,632],"class_list":["post-9889","post","type-post","status-publish","format-standard","has-post-thumbnail","hentry","category-lifestyle-2","category-ninos","tag-planes-chulos","tag-planes-con-ninos","tag-viajar-con-ninos","tag-viajes"],"aioseo_notices":[],"jetpack_publicize_connections":[],"jetpack_featured_media_url":"https:\/\/oui-oui.es\/blog\/wp-content\/uploads\/2019\/06\/Oui-Oui-bisontes-para-ni\u00f1os-planes-con-ni\u00f1os-bisontes-palencia-bisonbonasus.jpg","jetpack_sharing_enabled":true,"jetpack-related-posts":[{"id":4772,"url":"https:\/\/oui-oui.es\/blog\/un-fin-de-semana-en-los-enebrales\/","url_meta":{"origin":9889,"position":0},"title":"Un fin de semana en los Enebrales","author":"Mar\u00eda \u2665Oui Oui\u2665","date":"24 octubre, 2016","format":false,"excerpt":"Me gusta que me sorprendan y reconozco que no es f\u00e1cil, por un lado soy detallista y me gusta que lo sean conmigo, y, por otro, tengo tanto contacto con caterings, restaurantes, fot\u00f3grafos, organizadores de eventos, etc...Que , aunque a los que \"estamos metidos en \u00e9sto\" nos parezca lo normal,\u2026","rel":"","context":"En \u00abBautizos\u00bb","block_context":{"text":"Bautizos","link":"https:\/\/oui-oui.es\/blog\/category\/fiestas-celebraciones\/bautizos\/"},"img":{"alt_text":"","src":"https:\/\/i0.wp.com\/oui-oui.es\/blog\/wp-content\/uploads\/2016\/10\/Oui-Oui-finca-los-enebrales-talleres-ni%C3%B1os-campo-hotel-rural-ni%C3%B1os-cerca-madrid-NG-Estudio-2.jpg?resize=350%2C200&ssl=1","width":350,"height":200,"srcset":"https:\/\/i0.wp.com\/oui-oui.es\/blog\/wp-content\/uploads\/2016\/10\/Oui-Oui-finca-los-enebrales-talleres-ni%C3%B1os-campo-hotel-rural-ni%C3%B1os-cerca-madrid-NG-Estudio-2.jpg?resize=350%2C200&ssl=1 1x, https:\/\/i0.wp.com\/oui-oui.es\/blog\/wp-content\/uploads\/2016\/10\/Oui-Oui-finca-los-enebrales-talleres-ni%C3%B1os-campo-hotel-rural-ni%C3%B1os-cerca-madrid-NG-Estudio-2.jpg?resize=525%2C300&ssl=1 1.5x, https:\/\/i0.wp.com\/oui-oui.es\/blog\/wp-content\/uploads\/2016\/10\/Oui-Oui-finca-los-enebrales-talleres-ni%C3%B1os-campo-hotel-rural-ni%C3%B1os-cerca-madrid-NG-Estudio-2.jpg?resize=700%2C400&ssl=1 2x, https:\/\/i0.wp.com\/oui-oui.es\/blog\/wp-content\/uploads\/2016\/10\/Oui-Oui-finca-los-enebrales-talleres-ni%C3%B1os-campo-hotel-rural-ni%C3%B1os-cerca-madrid-NG-Estudio-2.jpg?resize=1050%2C600&ssl=1 3x"},"classes":[]},{"id":10601,"url":"https:\/\/oui-oui.es\/blog\/planazo-con-ninos-y-ninas-la-bolera\/","url_meta":{"origin":9889,"position":1},"title":"Planazo con ni\u00f1os y ni\u00f1as; la bolera","author":"Mar\u00eda \u2665Oui Oui\u2665","date":"14 octubre, 2020","format":false,"excerpt":"Hoy os traigo un plan que hemos repetido varias veces los \u00faltimos meses y que ha tenido tanto \u00e9xito que quer\u00eda compartirlo, adem\u00e1s, le hemos cogido un especial cari\u00f1o por la situaci\u00f3n en la que nos encontramos y porque fue el \u00faltimo plan de ciudad que hicimos antes del confinamiento\u2026","rel":"","context":"En \u00abESTILO DE VIDA\u00bb","block_context":{"text":"ESTILO DE VIDA","link":"https:\/\/oui-oui.es\/blog\/category\/lifestyle-2\/"},"img":{"alt_text":"","src":"https:\/\/i0.wp.com\/oui-oui.es\/blog\/wp-content\/uploads\/2020\/10\/Oui-Oui-plan-con-ni%C3%B1os-bolera-planes-seguros-covid-ni%C3%B1os-bowling-chamartin-7-scaled.jpg?resize=350%2C200&ssl=1","width":350,"height":200,"srcset":"https:\/\/i0.wp.com\/oui-oui.es\/blog\/wp-content\/uploads\/2020\/10\/Oui-Oui-plan-con-ni%C3%B1os-bolera-planes-seguros-covid-ni%C3%B1os-bowling-chamartin-7-scaled.jpg?resize=350%2C200&ssl=1 1x, https:\/\/i0.wp.com\/oui-oui.es\/blog\/wp-content\/uploads\/2020\/10\/Oui-Oui-plan-con-ni%C3%B1os-bolera-planes-seguros-covid-ni%C3%B1os-bowling-chamartin-7-scaled.jpg?resize=525%2C300&ssl=1 1.5x, https:\/\/i0.wp.com\/oui-oui.es\/blog\/wp-content\/uploads\/2020\/10\/Oui-Oui-plan-con-ni%C3%B1os-bolera-planes-seguros-covid-ni%C3%B1os-bowling-chamartin-7-scaled.jpg?resize=700%2C400&ssl=1 2x, https:\/\/i0.wp.com\/oui-oui.es\/blog\/wp-content\/uploads\/2020\/10\/Oui-Oui-plan-con-ni%C3%B1os-bolera-planes-seguros-covid-ni%C3%B1os-bowling-chamartin-7-scaled.jpg?resize=1050%2C600&ssl=1 3x, https:\/\/i0.wp.com\/oui-oui.es\/blog\/wp-content\/uploads\/2020\/10\/Oui-Oui-plan-con-ni%C3%B1os-bolera-planes-seguros-covid-ni%C3%B1os-bowling-chamartin-7-scaled.jpg?resize=1400%2C800&ssl=1 4x"},"classes":[]},{"id":9270,"url":"https:\/\/oui-oui.es\/blog\/7-planes-con-ninos-en-ribadesella\/","url_meta":{"origin":9889,"position":2},"title":"7 planes con ni\u00f1os en Ribadesella","author":"Mar\u00eda \u2665Oui Oui\u2665","date":"26 agosto, 2018","format":false,"excerpt":"Siempre que vuelvo de Asturias me propongo escribir un post con mis direcciones preferidas de Ribadesella pero al final la vuelta al cole se me echa encima y, de repente, ha pasado un mes y me acabo liando con otras cosas...As\u00ed que esta vez no quer\u00eda que me ocurriera y\u2026","rel":"","context":"En \u00abESTILO DE VIDA\u00bb","block_context":{"text":"ESTILO DE VIDA","link":"https:\/\/oui-oui.es\/blog\/category\/lifestyle-2\/"},"img":{"alt_text":"","src":"https:\/\/i0.wp.com\/oui-oui.es\/blog\/wp-content\/uploads\/2018\/08\/Oui-Oui-planes-ni%C3%B1os-ribadesella-que-hacer-ni%C3%B1os-ribadesella-picnic-area-recreativa-ardines-mejores-vistas-ribadesella-mirador-ribadesella.jpg?resize=350%2C200&ssl=1","width":350,"height":200,"srcset":"https:\/\/i0.wp.com\/oui-oui.es\/blog\/wp-content\/uploads\/2018\/08\/Oui-Oui-planes-ni%C3%B1os-ribadesella-que-hacer-ni%C3%B1os-ribadesella-picnic-area-recreativa-ardines-mejores-vistas-ribadesella-mirador-ribadesella.jpg?resize=350%2C200&ssl=1 1x, https:\/\/i0.wp.com\/oui-oui.es\/blog\/wp-content\/uploads\/2018\/08\/Oui-Oui-planes-ni%C3%B1os-ribadesella-que-hacer-ni%C3%B1os-ribadesella-picnic-area-recreativa-ardines-mejores-vistas-ribadesella-mirador-ribadesella.jpg?resize=525%2C300&ssl=1 1.5x, https:\/\/i0.wp.com\/oui-oui.es\/blog\/wp-content\/uploads\/2018\/08\/Oui-Oui-planes-ni%C3%B1os-ribadesella-que-hacer-ni%C3%B1os-ribadesella-picnic-area-recreativa-ardines-mejores-vistas-ribadesella-mirador-ribadesella.jpg?resize=700%2C400&ssl=1 2x, https:\/\/i0.wp.com\/oui-oui.es\/blog\/wp-content\/uploads\/2018\/08\/Oui-Oui-planes-ni%C3%B1os-ribadesella-que-hacer-ni%C3%B1os-ribadesella-picnic-area-recreativa-ardines-mejores-vistas-ribadesella-mirador-ribadesella.jpg?resize=1050%2C600&ssl=1 3x, https:\/\/i0.wp.com\/oui-oui.es\/blog\/wp-content\/uploads\/2018\/08\/Oui-Oui-planes-ni%C3%B1os-ribadesella-que-hacer-ni%C3%B1os-ribadesella-picnic-area-recreativa-ardines-mejores-vistas-ribadesella-mirador-ribadesella.jpg?resize=1400%2C800&ssl=1 4x"},"classes":[]},{"id":5767,"url":"https:\/\/oui-oui.es\/blog\/3-planes-para-fomentar-la-musica-en-los-mas-pequenos\/","url_meta":{"origin":9889,"position":3},"title":"3 Planes para fomentar la m\u00fasica en los m\u00e1s peque\u00f1os","author":"Mar\u00eda \u2665Oui Oui\u2665","date":"16 junio, 2017","format":false,"excerpt":"Como sab\u00e9is a Mart\u00edn le chifla la m\u00fasica, es algo innato porque desde muy muy peque\u00f1o se quedaba embobado con cualquier tipo de actuaci\u00f3n musica; desde un m\u00fasico callejero a un video clip pasando por un concierto de m\u00fasica cl\u00e1sica en el Auditorio. Con Frida confirmamos que cada ni\u00f1o es\u2026","rel":"","context":"En \u00abNI\u00d1OS Y NI\u00d1AS\u00bb","block_context":{"text":"NI\u00d1OS Y NI\u00d1AS","link":"https:\/\/oui-oui.es\/blog\/category\/ninos\/"},"img":{"alt_text":"","src":"https:\/\/i0.wp.com\/oui-oui.es\/blog\/wp-content\/uploads\/2017\/06\/Oui-Oui-conciertos-aire-libre-madrid-olivar-castillejo-conciertos-ni%C3%B1os-apasionados-musica-1.jpg?resize=350%2C200&ssl=1","width":350,"height":200,"srcset":"https:\/\/i0.wp.com\/oui-oui.es\/blog\/wp-content\/uploads\/2017\/06\/Oui-Oui-conciertos-aire-libre-madrid-olivar-castillejo-conciertos-ni%C3%B1os-apasionados-musica-1.jpg?resize=350%2C200&ssl=1 1x, https:\/\/i0.wp.com\/oui-oui.es\/blog\/wp-content\/uploads\/2017\/06\/Oui-Oui-conciertos-aire-libre-madrid-olivar-castillejo-conciertos-ni%C3%B1os-apasionados-musica-1.jpg?resize=525%2C300&ssl=1 1.5x, https:\/\/i0.wp.com\/oui-oui.es\/blog\/wp-content\/uploads\/2017\/06\/Oui-Oui-conciertos-aire-libre-madrid-olivar-castillejo-conciertos-ni%C3%B1os-apasionados-musica-1.jpg?resize=700%2C400&ssl=1 2x"},"classes":[]},{"id":5027,"url":"https:\/\/oui-oui.es\/blog\/de-planes-prisas-y-bienvenido-2017\/","url_meta":{"origin":9889,"position":4},"title":"De planes, prisas y bienvenido 2017","author":"Mar\u00eda \u2665Oui Oui\u2665","date":"18 enero, 2017","format":false,"excerpt":"He tardado en volver al blog despu\u00e9s de las vacaciones navide\u00f1as...Por un lado, por primera vez desde hace muchos a\u00f1os, he sentido que ten\u00eda vacaciones DE VERDAD, en realidad s\u00f3lo fue una semana, pero al habernos quedado en Madrid y poder hacer planes de forma m\u00e1s tranquila, unido a que\u2026","rel":"","context":"En \u00abNI\u00d1OS Y NI\u00d1AS\u00bb","block_context":{"text":"NI\u00d1OS Y NI\u00d1AS","link":"https:\/\/oui-oui.es\/blog\/category\/ninos\/"},"img":{"alt_text":"","src":"https:\/\/i0.wp.com\/oui-oui.es\/blog\/wp-content\/uploads\/2017\/01\/Oui-Oui-despacio-ni%C3%B1os-jugando-cartel-juego-ni%C3%B1os-campillo-de-ranas-sierra-negra-guadalajara-e1484746572232.jpg?resize=350%2C200&ssl=1","width":350,"height":200,"srcset":"https:\/\/i0.wp.com\/oui-oui.es\/blog\/wp-content\/uploads\/2017\/01\/Oui-Oui-despacio-ni%C3%B1os-jugando-cartel-juego-ni%C3%B1os-campillo-de-ranas-sierra-negra-guadalajara-e1484746572232.jpg?resize=350%2C200&ssl=1 1x, https:\/\/i0.wp.com\/oui-oui.es\/blog\/wp-content\/uploads\/2017\/01\/Oui-Oui-despacio-ni%C3%B1os-jugando-cartel-juego-ni%C3%B1os-campillo-de-ranas-sierra-negra-guadalajara-e1484746572232.jpg?resize=525%2C300&ssl=1 1.5x, https:\/\/i0.wp.com\/oui-oui.es\/blog\/wp-content\/uploads\/2017\/01\/Oui-Oui-despacio-ni%C3%B1os-jugando-cartel-juego-ni%C3%B1os-campillo-de-ranas-sierra-negra-guadalajara-e1484746572232.jpg?resize=700%2C400&ssl=1 2x, https:\/\/i0.wp.com\/oui-oui.es\/blog\/wp-content\/uploads\/2017\/01\/Oui-Oui-despacio-ni%C3%B1os-jugando-cartel-juego-ni%C3%B1os-campillo-de-ranas-sierra-negra-guadalajara-e1484746572232.jpg?resize=1050%2C600&ssl=1 3x, https:\/\/i0.wp.com\/oui-oui.es\/blog\/wp-content\/uploads\/2017\/01\/Oui-Oui-despacio-ni%C3%B1os-jugando-cartel-juego-ni%C3%B1os-campillo-de-ranas-sierra-negra-guadalajara-e1484746572232.jpg?resize=1400%2C800&ssl=1 4x"},"classes":[]},{"id":4625,"url":"https:\/\/oui-oui.es\/blog\/la-caja-de-la-calma-mindfulness-para-ninos\/","url_meta":{"origin":9889,"position":5},"title":"La caja de la calma; mindfulness para ni\u00f1os","author":"Mar\u00eda \u2665Oui Oui\u2665","date":"11 julio, 2016","format":false,"excerpt":"Parece que \u00faltimamente s\u00f3lo escribo para proponer cosas que comprar, pero han llegado a m\u00ed tantas cosas chulas que \u00a1me es imposible no recomendarlas! y hoy os voy a hablar de la Caja m\u00e1gica de la calma, una gran idea de Hippy Kids Yoga para acercar el midfulness (ser consciente\u2026","rel":"","context":"En \u00abNI\u00d1OS Y NI\u00d1AS\u00bb","block_context":{"text":"NI\u00d1OS Y NI\u00d1AS","link":"https:\/\/oui-oui.es\/blog\/category\/ninos\/"},"img":{"alt_text":"","src":"https:\/\/i0.wp.com\/oui-oui.es\/blog\/wp-content\/uploads\/2016\/07\/Oui-Oui-caja-magica-de-la-calma-mindfulness-para-ni%C3%B1os-yoga-ni%C3%B1os-juego-relajante-ni%C3%B1os-4.jpg?resize=350%2C200&ssl=1","width":350,"height":200,"srcset":"https:\/\/i0.wp.com\/oui-oui.es\/blog\/wp-content\/uploads\/2016\/07\/Oui-Oui-caja-magica-de-la-calma-mindfulness-para-ni%C3%B1os-yoga-ni%C3%B1os-juego-relajante-ni%C3%B1os-4.jpg?resize=350%2C200&ssl=1 1x, https:\/\/i0.wp.com\/oui-oui.es\/blog\/wp-content\/uploads\/2016\/07\/Oui-Oui-caja-magica-de-la-calma-mindfulness-para-ni%C3%B1os-yoga-ni%C3%B1os-juego-relajante-ni%C3%B1os-4.jpg?resize=525%2C300&ssl=1 1.5x, https:\/\/i0.wp.com\/oui-oui.es\/blog\/wp-content\/uploads\/2016\/07\/Oui-Oui-caja-magica-de-la-calma-mindfulness-para-ni%C3%B1os-yoga-ni%C3%B1os-juego-relajante-ni%C3%B1os-4.jpg?resize=700%2C400&ssl=1 2x, https:\/\/i0.wp.com\/oui-oui.es\/blog\/wp-content\/uploads\/2016\/07\/Oui-Oui-caja-magica-de-la-calma-mindfulness-para-ni%C3%B1os-yoga-ni%C3%B1os-juego-relajante-ni%C3%B1os-4.jpg?resize=1050%2C600&ssl=1 3x"},"classes":[]}],"_links":{"self":[{"href":"https:\/\/oui-oui.es\/blog\/wp-json\/wp\/v2\/posts\/9889","targetHints":{"allow":["GET"]}}],"collection":[{"href":"https:\/\/oui-oui.es\/blog\/wp-json\/wp\/v2\/posts"}],"about":[{"href":"https:\/\/oui-oui.es\/blog\/wp-json\/wp\/v2\/types\/post"}],"author":[{"embeddable":true,"href":"https:\/\/oui-oui.es\/blog\/wp-json\/wp\/v2\/users\/1"}],"replies":[{"embeddable":true,"href":"https:\/\/oui-oui.es\/blog\/wp-json\/wp\/v2\/comments?post=9889"}],"version-history":[{"count":2,"href":"https:\/\/oui-oui.es\/blog\/wp-json\/wp\/v2\/posts\/9889\/revisions"}],"predecessor-version":[{"id":9905,"href":"https:\/\/oui-oui.es\/blog\/wp-json\/wp\/v2\/posts\/9889\/revisions\/9905"}],"wp:featuredmedia":[{"embeddable":true,"href":"https:\/\/oui-oui.es\/blog\/wp-json\/wp\/v2\/media\/9902"}],"wp:attachment":[{"href":"https:\/\/oui-oui.es\/blog\/wp-json\/wp\/v2\/media?parent=9889"}],"wp:term":[{"taxonomy":"category","embeddable":true,"href":"https:\/\/oui-oui.es\/blog\/wp-json\/wp\/v2\/categories?post=9889"},{"taxonomy":"post_tag","embeddable":true,"href":"https:\/\/oui-oui.es\/blog\/wp-json\/wp\/v2\/tags?post=9889"}],"curies":[{"name":"wp","href":"https:\/\/api.w.org\/{rel}","templated":true}]}}