{"id":9942,"date":"2019-06-11T17:27:04","date_gmt":"2019-06-11T15:27:04","guid":{"rendered":"https:\/\/oui-oui.es\/blog\/?p=9942"},"modified":"2019-06-11T17:27:08","modified_gmt":"2019-06-11T15:27:08","slug":"por-7a-vez-nos-vemos-en-decoraccion-2019","status":"publish","type":"post","link":"https:\/\/oui-oui.es\/blog\/por-7a-vez-nos-vemos-en-decoraccion-2019\/","title":{"rendered":"Por 7\u00aa vez&#8230;Nos vemos en DecorAcci\u00f3n 2019"},"content":{"rendered":"\n<figure class=\"wp-block-image\"><img loading=\"lazy\" decoding=\"async\" width=\"512\" height=\"512\" src=\"https:\/\/oui-oui.es\/blog\/wp-content\/uploads\/2019\/06\/Oui-Oui-decoraccion-2019-barrio-de-las-letras.jpg\" alt=\"\" class=\"wp-image-9943\" srcset=\"https:\/\/oui-oui.es\/blog\/wp-content\/uploads\/2019\/06\/Oui-Oui-decoraccion-2019-barrio-de-las-letras.jpg 512w, https:\/\/oui-oui.es\/blog\/wp-content\/uploads\/2019\/06\/Oui-Oui-decoraccion-2019-barrio-de-las-letras-150x150.jpg 150w, https:\/\/oui-oui.es\/blog\/wp-content\/uploads\/2019\/06\/Oui-Oui-decoraccion-2019-barrio-de-las-letras-300x300.jpg 300w\" sizes=\"auto, (max-width: 512px) 100vw, 512px\" \/><\/figure>\n\n\n\n<p>Despu\u00e9s de siete a\u00f1os participando en <strong>DecorAcci\u00f3n<\/strong>, me cuesta escribir algo distinto, los que le\u00e9is este blog ya sab\u00e9is lo especial que es para nosotros esta <strong>fiesta de la DecorAcci\u00f3n<\/strong>, lo bien que nos lo pasamos y lo que nos gusta que pas\u00e9is a vernos \ud83d\ude42<\/p>\n\n\n\n<p>Este a\u00f1o parece que vamos a tener muy buen tiempo (ni lluvia ni mucho calor como en las \u00faltimas ediciones), <strong><a rel=\"noreferrer noopener\" aria-label=\"aqu\u00ed (opens in a new tab)\" href=\"https:\/\/oui-oui.es\/blog\/6-2-restaurantes-que-no-debes-perderte-en-el-barrio-de-las-letras\/\" target=\"_blank\">aqu\u00ed<\/a><\/strong> os recomendaba algunos <strong>restaurantes en el Barrio de las Letras<\/strong> (con el ritmo de aperturas y cierres de Madrid puede que alguno ya no est\u00e9) , intentar\u00e9 actualizar este post con alg\u00fan restaurante m\u00e1s, \u00faltimamente me da tiempo a menos cosa de las que me gustar\u00edan&#8230;<\/p>\n\n\n\n<figure class=\"wp-block-image\"><img loading=\"lazy\" decoding=\"async\" width=\"660\" height=\"335\" src=\"https:\/\/oui-oui.es\/blog\/wp-content\/uploads\/2019\/06\/Oui-Oui-decoraccion-2019-barrio-de-las-letras-mercadillo.jpg\" alt=\"\" class=\"wp-image-9944\" srcset=\"https:\/\/oui-oui.es\/blog\/wp-content\/uploads\/2019\/06\/Oui-Oui-decoraccion-2019-barrio-de-las-letras-mercadillo.jpg 660w, https:\/\/oui-oui.es\/blog\/wp-content\/uploads\/2019\/06\/Oui-Oui-decoraccion-2019-barrio-de-las-letras-mercadillo-300x152.jpg 300w, https:\/\/oui-oui.es\/blog\/wp-content\/uploads\/2019\/06\/Oui-Oui-decoraccion-2019-barrio-de-las-letras-mercadillo-600x305.jpg 600w, https:\/\/oui-oui.es\/blog\/wp-content\/uploads\/2019\/06\/Oui-Oui-decoraccion-2019-barrio-de-las-letras-mercadillo-640x325.jpg 640w\" sizes=\"auto, (max-width: 660px) 100vw, 660px\" \/><\/figure>\n\n\n\n<p>Pero en cualquier caso <strong>\u00a1Os espero en Decoracci\u00f3n desde este jueves hasta el domingo! de 11 a 22h  jueves, viernes y s\u00e1bado y de 11 a 18h el domingo.<\/strong><\/p>\n\n\n\n<p>El <strong>Stand de Oui Oui estar\u00e1 en la calle Morat\u00edn,29<\/strong> \u00a1Os espero!<\/p>\n","protected":false},"excerpt":{"rendered":"<p>Despu\u00e9s de siete a\u00f1os participando en DecorAcci\u00f3n, me cuesta escribir algo distinto, los que le\u00e9is este blog ya sab\u00e9is lo especial que es para nosotros esta fiesta de la DecorAcci\u00f3n, lo bien que nos lo pasamos y lo que nos gusta que pas\u00e9is a vernos \ud83d\ude42 Este a\u00f1o parece que vamos a tener muy buen [&hellip;]<\/p>\n","protected":false},"author":1,"featured_media":9944,"comment_status":"open","ping_status":"open","sticky":false,"template":"","format":"standard","meta":{"jetpack_post_was_ever_published":false,"_jetpack_newsletter_access":"","_jetpack_dont_email_post_to_subs":false,"_jetpack_newsletter_tier_id":0,"_jetpack_memberships_contains_paywalled_content":false,"_jetpack_memberships_contains_paid_content":false,"footnotes":"","jetpack_publicize_message":"","jetpack_publicize_feature_enabled":true,"jetpack_social_post_already_shared":true,"jetpack_social_options":{"image_generator_settings":{"template":"highway","default_image_id":0,"font":"","enabled":false},"version":2}},"categories":[173,13],"tags":[813,545],"class_list":["post-9942","post","type-post","status-publish","format-standard","has-post-thumbnail","hentry","category-decoracion-de-casa","category-oui-oui","tag-decoraccion","tag-pop-ups-oui-oui"],"aioseo_notices":[],"jetpack_publicize_connections":[],"jetpack_featured_media_url":"https:\/\/oui-oui.es\/blog\/wp-content\/uploads\/2019\/06\/Oui-Oui-decoraccion-2019-barrio-de-las-letras-mercadillo.jpg","jetpack_sharing_enabled":true,"jetpack-related-posts":[{"id":2561,"url":"https:\/\/oui-oui.es\/blog\/oui-oui-en-decoraccion-2\/","url_meta":{"origin":9942,"position":0},"title":"Oui Oui en DecorAcci\u00f3n","author":"Mar\u00eda \u2665Oui Oui\u2665","date":"8 junio, 2015","format":false,"excerpt":"Creo que ya lo he dicho\u00a0muchas veces, pero no me canso; le tenemos mucho cari\u00f1o a DecorAcci\u00f3n; la cita de la decoraci\u00f3n a pie de calle m\u00e1s importante del a\u00f1o. \u00bfY por qu\u00e9?, pues por varios motivos; la primera vez que estuvimos fue gracias a que pudimos colarnos en el\u2026","rel":"","context":"En \u00abDECORACI\u00d3N\u00bb","block_context":{"text":"DECORACI\u00d3N","link":"https:\/\/oui-oui.es\/blog\/category\/decoracion-de-casa\/"},"img":{"alt_text":"","src":"https:\/\/i0.wp.com\/oui-oui.es\/blog\/wp-content\/uploads\/2015\/06\/oui-oui-pop-up-deco-decoraccion-2014.jpg?resize=350%2C200&ssl=1","width":350,"height":200,"srcset":"https:\/\/i0.wp.com\/oui-oui.es\/blog\/wp-content\/uploads\/2015\/06\/oui-oui-pop-up-deco-decoraccion-2014.jpg?resize=350%2C200&ssl=1 1x, https:\/\/i0.wp.com\/oui-oui.es\/blog\/wp-content\/uploads\/2015\/06\/oui-oui-pop-up-deco-decoraccion-2014.jpg?resize=525%2C300&ssl=1 1.5x"},"classes":[]},{"id":9128,"url":"https:\/\/oui-oui.es\/blog\/volvemos-a-vernos-en-decoraccion\/","url_meta":{"origin":9942,"position":1},"title":"Volvemos a vernos en DecorAcci\u00f3n","author":"Mar\u00eda \u2665Oui Oui\u2665","date":"5 junio, 2018","format":false,"excerpt":"Un a\u00f1o m\u00e1s! y ya casi ni me acuerdo de las ediciones que llevamos \u00a1creo que es la sexta!. Como siempre, participaremos en la GRAN FIESTA de la DECORACI\u00d3N, que no te puedes perder; decoradores, interioristas, arquitectos, comercios, restaurantes...Todo el barrio de las letras se vuelca en engalanar las calles,\u2026","rel":"","context":"En \u00abOUI OUI\u00bb","block_context":{"text":"OUI OUI","link":"https:\/\/oui-oui.es\/blog\/category\/oui-oui\/"},"img":{"alt_text":"","src":"https:\/\/i0.wp.com\/oui-oui.es\/blog\/wp-content\/uploads\/2018\/06\/LOGO-DA-2018.jpg?resize=350%2C200&ssl=1","width":350,"height":200,"srcset":"https:\/\/i0.wp.com\/oui-oui.es\/blog\/wp-content\/uploads\/2018\/06\/LOGO-DA-2018.jpg?resize=350%2C200&ssl=1 1x, https:\/\/i0.wp.com\/oui-oui.es\/blog\/wp-content\/uploads\/2018\/06\/LOGO-DA-2018.jpg?resize=525%2C300&ssl=1 1.5x"},"classes":[]},{"id":5482,"url":"https:\/\/oui-oui.es\/blog\/por-5a-vez-nos-vemos-este-ano-en-decoraccion\/","url_meta":{"origin":9942,"position":2},"title":"Por 5\u00aa vez&#8230;\u00a1Nos vemos este a\u00f1o en DecorAcci\u00f3n!","author":"Mar\u00eda \u2665Oui Oui\u2665","date":"5 junio, 2017","format":false,"excerpt":"Cada a\u00f1o os cuento lo especial que es DecorAcci\u00f3n para m\u00ed, para Oui Oui, para mi familia...Y este a\u00f1o tengo que volver a cont\u00e1roslo porque volvemos a participar, por cuarta o quinta vez, seg\u00fan como se mire (a\u00fan recuerdo cuando Jorge, el amigo de mi padre que est\u00e1 detr\u00e1s de\u2026","rel":"","context":"En \u00abDECORACI\u00d3N\u00bb","block_context":{"text":"DECORACI\u00d3N","link":"https:\/\/oui-oui.es\/blog\/category\/decoracion-de-casa\/"},"img":{"alt_text":"","src":"https:\/\/i0.wp.com\/oui-oui.es\/blog\/wp-content\/uploads\/2017\/06\/Oui-Oui-en-DecorAcci%C3%B3n-2017.jpg?resize=350%2C200&ssl=1","width":350,"height":200,"srcset":"https:\/\/i0.wp.com\/oui-oui.es\/blog\/wp-content\/uploads\/2017\/06\/Oui-Oui-en-DecorAcci%C3%B3n-2017.jpg?resize=350%2C200&ssl=1 1x, https:\/\/i0.wp.com\/oui-oui.es\/blog\/wp-content\/uploads\/2017\/06\/Oui-Oui-en-DecorAcci%C3%B3n-2017.jpg?resize=525%2C300&ssl=1 1.5x, https:\/\/i0.wp.com\/oui-oui.es\/blog\/wp-content\/uploads\/2017\/06\/Oui-Oui-en-DecorAcci%C3%B3n-2017.jpg?resize=700%2C400&ssl=1 2x, https:\/\/i0.wp.com\/oui-oui.es\/blog\/wp-content\/uploads\/2017\/06\/Oui-Oui-en-DecorAcci%C3%B3n-2017.jpg?resize=1050%2C600&ssl=1 3x"},"classes":[]},{"id":1548,"url":"https:\/\/oui-oui.es\/blog\/oui-oui-en-decoraccion\/","url_meta":{"origin":9942,"position":3},"title":"Oui Oui en DecorAcci\u00f3n","author":"Mar\u00eda \u2665Oui Oui\u2665","date":"2 junio, 2014","format":false,"excerpt":"Vuelvo al blog con ganas de contaros muchas cosas y la primera y muy importantes es que Oui Oui va a participar en la V Edici\u00f3n de DecorAcci\u00f3n...Que se ha convertido en uno de los eventos de decoraci\u00f3n m\u00e1s importantes, tanto por su dimensi\u00f3n (todo el Barrio de Las Letras)\u2026","rel":"","context":"En \u00abOUI OUI\u00bb","block_context":{"text":"OUI OUI","link":"https:\/\/oui-oui.es\/blog\/category\/oui-oui\/"},"img":{"alt_text":"","src":"https:\/\/i0.wp.com\/oui-oui.es\/blog\/wp-content\/uploads\/2014\/06\/oui-oui-las-verdaderas-puertas-del-ratoncito-perez-puerta-ratoncito-perez-la-original.jpg?resize=350%2C200&ssl=1","width":350,"height":200,"srcset":"https:\/\/i0.wp.com\/oui-oui.es\/blog\/wp-content\/uploads\/2014\/06\/oui-oui-las-verdaderas-puertas-del-ratoncito-perez-puerta-ratoncito-perez-la-original.jpg?resize=350%2C200&ssl=1 1x, https:\/\/i0.wp.com\/oui-oui.es\/blog\/wp-content\/uploads\/2014\/06\/oui-oui-las-verdaderas-puertas-del-ratoncito-perez-puerta-ratoncito-perez-la-original.jpg?resize=525%2C300&ssl=1 1.5x, https:\/\/i0.wp.com\/oui-oui.es\/blog\/wp-content\/uploads\/2014\/06\/oui-oui-las-verdaderas-puertas-del-ratoncito-perez-puerta-ratoncito-perez-la-original.jpg?resize=700%2C400&ssl=1 2x"},"classes":[]},{"id":4409,"url":"https:\/\/oui-oui.es\/blog\/os-esperamos-en-decoraccion\/","url_meta":{"origin":9942,"position":4},"title":"\u00a1Os esperamos en DecorAcci\u00f3n!","author":"Mar\u00eda \u2665Oui Oui\u2665","date":"7 junio, 2016","format":false,"excerpt":"Un a\u00f1o m\u00e1s \u00a1y ya van cuatro! participaremos en el evento de decoraci\u00f3n m\u00e1s importante de Espa\u00f1a; DecorAcci\u00f3n. El Barrio de las Letras de Madrid se viste de gala para recibir a todo el mundo entre instalaciones, exposiciones, mercadillo de antig\u00fcedades y pop up de tiendas de decoraci\u00f3n online. Como\u2026","rel":"","context":"En \u00abDECORACI\u00d3N\u00bb","block_context":{"text":"DECORACI\u00d3N","link":"https:\/\/oui-oui.es\/blog\/category\/decoracion-de-casa\/"},"img":{"alt_text":"","src":"https:\/\/i0.wp.com\/oui-oui.es\/blog\/wp-content\/uploads\/2016\/06\/Oui-Oui-lampara-catus-verde-cactus-lamp-goodnightlight-jarronejo.jpg?resize=350%2C200&ssl=1","width":350,"height":200,"srcset":"https:\/\/i0.wp.com\/oui-oui.es\/blog\/wp-content\/uploads\/2016\/06\/Oui-Oui-lampara-catus-verde-cactus-lamp-goodnightlight-jarronejo.jpg?resize=350%2C200&ssl=1 1x, https:\/\/i0.wp.com\/oui-oui.es\/blog\/wp-content\/uploads\/2016\/06\/Oui-Oui-lampara-catus-verde-cactus-lamp-goodnightlight-jarronejo.jpg?resize=525%2C300&ssl=1 1.5x, https:\/\/i0.wp.com\/oui-oui.es\/blog\/wp-content\/uploads\/2016\/06\/Oui-Oui-lampara-catus-verde-cactus-lamp-goodnightlight-jarronejo.jpg?resize=700%2C400&ssl=1 2x, https:\/\/i0.wp.com\/oui-oui.es\/blog\/wp-content\/uploads\/2016\/06\/Oui-Oui-lampara-catus-verde-cactus-lamp-goodnightlight-jarronejo.jpg?resize=1050%2C600&ssl=1 3x, https:\/\/i0.wp.com\/oui-oui.es\/blog\/wp-content\/uploads\/2016\/06\/Oui-Oui-lampara-catus-verde-cactus-lamp-goodnightlight-jarronejo.jpg?resize=1400%2C800&ssl=1 4x"},"classes":[]},{"id":2747,"url":"https:\/\/oui-oui.es\/blog\/pasteleria-francesa-en-madrid-motteau\/","url_meta":{"origin":9942,"position":5},"title":"Pasteler\u00eda francesa en Madrid | Motteau","author":"Mar\u00eda \u2665Oui Oui\u2665","date":"16 julio, 2015","format":false,"excerpt":"Ya os cont\u00e9 lo que me gusta volver al barrio de las Letras y descubrir sitios nuevos, con la excusa de DecorAcci\u00f3n, me pas\u00e9 cuatro d\u00edas all\u00ed y pude disfrutar de varios de los bares, restaurantes y tiendas con encanto que hay en cada callecita. Uno reci\u00e9n inagurado fu\u00e9 la\u2026","rel":"","context":"En \u00abESTILO DE VIDA\u00bb","block_context":{"text":"ESTILO DE VIDA","link":"https:\/\/oui-oui.es\/blog\/category\/lifestyle-2\/"},"img":{"alt_text":"","src":"https:\/\/i0.wp.com\/oui-oui.es\/blog\/wp-content\/uploads\/Oui-Oui-pasteleria-MOTTEAU.jpg?resize=350%2C200&ssl=1","width":350,"height":200,"srcset":"https:\/\/i0.wp.com\/oui-oui.es\/blog\/wp-content\/uploads\/Oui-Oui-pasteleria-MOTTEAU.jpg?resize=350%2C200&ssl=1 1x, https:\/\/i0.wp.com\/oui-oui.es\/blog\/wp-content\/uploads\/Oui-Oui-pasteleria-MOTTEAU.jpg?resize=525%2C300&ssl=1 1.5x"},"classes":[]}],"_links":{"self":[{"href":"https:\/\/oui-oui.es\/blog\/wp-json\/wp\/v2\/posts\/9942","targetHints":{"allow":["GET"]}}],"collection":[{"href":"https:\/\/oui-oui.es\/blog\/wp-json\/wp\/v2\/posts"}],"about":[{"href":"https:\/\/oui-oui.es\/blog\/wp-json\/wp\/v2\/types\/post"}],"author":[{"embeddable":true,"href":"https:\/\/oui-oui.es\/blog\/wp-json\/wp\/v2\/users\/1"}],"replies":[{"embeddable":true,"href":"https:\/\/oui-oui.es\/blog\/wp-json\/wp\/v2\/comments?post=9942"}],"version-history":[{"count":1,"href":"https:\/\/oui-oui.es\/blog\/wp-json\/wp\/v2\/posts\/9942\/revisions"}],"predecessor-version":[{"id":9945,"href":"https:\/\/oui-oui.es\/blog\/wp-json\/wp\/v2\/posts\/9942\/revisions\/9945"}],"wp:featuredmedia":[{"embeddable":true,"href":"https:\/\/oui-oui.es\/blog\/wp-json\/wp\/v2\/media\/9944"}],"wp:attachment":[{"href":"https:\/\/oui-oui.es\/blog\/wp-json\/wp\/v2\/media?parent=9942"}],"wp:term":[{"taxonomy":"category","embeddable":true,"href":"https:\/\/oui-oui.es\/blog\/wp-json\/wp\/v2\/categories?post=9942"},{"taxonomy":"post_tag","embeddable":true,"href":"https:\/\/oui-oui.es\/blog\/wp-json\/wp\/v2\/tags?post=9942"}],"curies":[{"name":"wp","href":"https:\/\/api.w.org\/{rel}","templated":true}]}}