{"id":9962,"date":"2019-06-21T18:50:23","date_gmt":"2019-06-21T16:50:23","guid":{"rendered":"https:\/\/oui-oui.es\/blog\/?p=9962"},"modified":"2019-06-21T18:50:26","modified_gmt":"2019-06-21T16:50:26","slug":"el-tratamiento-que-ha-recuperado-y-alisado-mi-cabello-fosco","status":"publish","type":"post","link":"https:\/\/oui-oui.es\/blog\/el-tratamiento-que-ha-recuperado-y-alisado-mi-cabello-fosco\/","title":{"rendered":"El tratamiento que ha recuperado y alisado mi cabello fosco"},"content":{"rendered":"\n<p>Tengo el pelo fosco desde peque\u00f1a, con rizos rebeldes en el flequillo y en la coronilla, si ten\u00e9is el pelo as\u00ed sab\u00e9is de lo que hablo&#8230;Desde que me alcanza la memoria recuerdo hacer cosas para <strong>intentar alisar mi pelo<\/strong>&#8230;Horas de secador, planchar el pelo con la plancha de la ropa, hacerme la toga&#8230;Un poco de todo, hasta que descubr\u00ed el tratamiento de keratina  \/ alisado japon\u00e9s&#8230;Nunca supe bien lo que me hac\u00eda porque prob\u00e9 distintos tratamientos, desde una persona que me lo hac\u00eda en casa, hasta una peluquer\u00eda de barrio pasando por la t\u00edpica peluquer\u00eda con una oferta especial. El tratamiento me funcionaba, me alisaba durante meses y era una gozada disfrutar de la sensaci\u00f3n de dejarme el pelo secar al aire y que se quedara bien peinado&#8230;Algo impensable hasta ese momento para alguien con mi tipo de cabello.<\/p>\n\n\n\n<figure class=\"wp-block-image\"><img loading=\"lazy\" decoding=\"async\" width=\"1024\" height=\"683\" src=\"https:\/\/oui-oui.es\/blog\/wp-content\/uploads\/2019\/06\/0031ElenaBau_CharoPalomo-1024x683.jpg\" alt=\"\" class=\"wp-image-9965\" srcset=\"https:\/\/oui-oui.es\/blog\/wp-content\/uploads\/2019\/06\/0031ElenaBau_CharoPalomo-1024x683.jpg 1024w, https:\/\/oui-oui.es\/blog\/wp-content\/uploads\/2019\/06\/0031ElenaBau_CharoPalomo-300x200.jpg 300w, https:\/\/oui-oui.es\/blog\/wp-content\/uploads\/2019\/06\/0031ElenaBau_CharoPalomo-768x512.jpg 768w, https:\/\/oui-oui.es\/blog\/wp-content\/uploads\/2019\/06\/0031ElenaBau_CharoPalomo-600x400.jpg 600w, https:\/\/oui-oui.es\/blog\/wp-content\/uploads\/2019\/06\/0031ElenaBau_CharoPalomo-640x427.jpg 640w\" sizes=\"auto, (max-width: 1024px) 100vw, 1024px\" \/><figcaption>Fotograf\u00eda de Elena Bau<\/figcaption><\/figure>\n\n\n\n<p>Pero <strong>todo eso pas\u00f3 factura despu\u00e9s de varios a\u00f1os con ese tipo de tratamientos de keratina<\/strong>, mi cabello se iba volviendo m\u00e1s fino, estaba pobre&#8230;Pero yo me hab\u00eda acostumbrado a la libertad que da tener el cabello \u00absemi peinado\u00bb nada m\u00e1s salir de la ducha.<\/p>\n\n\n\n<figure class=\"wp-block-image\"><img loading=\"lazy\" decoding=\"async\" width=\"1024\" height=\"683\" src=\"https:\/\/oui-oui.es\/blog\/wp-content\/uploads\/2019\/06\/0008ElenaBau_CharoPalomo-1024x683.jpg\" alt=\"\" class=\"wp-image-9967\" srcset=\"https:\/\/oui-oui.es\/blog\/wp-content\/uploads\/2019\/06\/0008ElenaBau_CharoPalomo-1024x683.jpg 1024w, https:\/\/oui-oui.es\/blog\/wp-content\/uploads\/2019\/06\/0008ElenaBau_CharoPalomo-300x200.jpg 300w, https:\/\/oui-oui.es\/blog\/wp-content\/uploads\/2019\/06\/0008ElenaBau_CharoPalomo-768x512.jpg 768w, https:\/\/oui-oui.es\/blog\/wp-content\/uploads\/2019\/06\/0008ElenaBau_CharoPalomo-600x400.jpg 600w, https:\/\/oui-oui.es\/blog\/wp-content\/uploads\/2019\/06\/0008ElenaBau_CharoPalomo-640x427.jpg 640w\" sizes=\"auto, (max-width: 1024px) 100vw, 1024px\" \/><figcaption>Fotograf\u00eda de Elena Bau &#8211; Atelier Charo Palomo<\/figcaption><\/figure>\n\n\n\n<p>Y en ese momento, hablando con <strong><a rel=\"noreferrer noopener\" aria-label=\" (opens in a new tab)\" href=\"http:\/\/charopalomo.es\" target=\"_blank\">Charo Palomo<\/a><\/strong>, a la que conoc\u00ed en un evento y despu\u00e9s fui a cortarme y te\u00f1irme a su Atelier, me recomend\u00f3 el <strong>tratamiento SWEET<\/strong> con <strong>\u00e1cido hialur\u00f3nico y botox<\/strong>, que consigue un resultado similar de <strong>alisado <\/strong>(sin tener que dejar el cabello sin lavar ni cosas de esas) pero adem\u00e1s <strong>cuida e hidrata el cabello<\/strong>. Me hice el tratamiento en febrero y a d\u00eda de hoy, en junio, sigo teniendo el alisado suficiente como para que sea c\u00f3modo secarme con secador pero sin cepillos, tan s\u00f3lo ha llegado el momento de repasar las zonas m\u00e1s rebeldes. El tratamiento no es barato, pero por el ahorro de tiempo que supone y por lo bien que cuida el cabello, <strong>merece la pena<\/strong>.<\/p>\n\n\n\n<figure class=\"wp-block-image\"><img loading=\"lazy\" decoding=\"async\" width=\"1024\" height=\"683\" src=\"https:\/\/oui-oui.es\/blog\/wp-content\/uploads\/2019\/06\/035ElenaBau_ItziarAeguilera-1024x683.jpg\" alt=\"\" class=\"wp-image-9964\" srcset=\"https:\/\/oui-oui.es\/blog\/wp-content\/uploads\/2019\/06\/035ElenaBau_ItziarAeguilera-1024x683.jpg 1024w, https:\/\/oui-oui.es\/blog\/wp-content\/uploads\/2019\/06\/035ElenaBau_ItziarAeguilera-300x200.jpg 300w, https:\/\/oui-oui.es\/blog\/wp-content\/uploads\/2019\/06\/035ElenaBau_ItziarAeguilera-768x512.jpg 768w, https:\/\/oui-oui.es\/blog\/wp-content\/uploads\/2019\/06\/035ElenaBau_ItziarAeguilera-600x400.jpg 600w, https:\/\/oui-oui.es\/blog\/wp-content\/uploads\/2019\/06\/035ElenaBau_ItziarAeguilera-640x427.jpg 640w\" sizes=\"auto, (max-width: 1024px) 100vw, 1024px\" \/><figcaption>Fotograf\u00eda de Elena Bau con Ic\u00edar Aguilera<\/figcaption><\/figure>\n\n\n\n<p>Adem\u00e1s, tambi\u00e9n en <strong><a rel=\"noreferrer noopener\" aria-label=\" (opens in a new tab)\" href=\"http:\/\/charopalomo.es\" target=\"_blank\">Charo Palomo<\/a><\/strong>, cuentan con otro tratamiento de hidrataci\u00f3n que, adem\u00e1s, es acumulativo (es decir, que cu\u00e1nto m\u00e1s te lo hagas, m\u00e1s podr\u00e1s espaciar el hac\u00e9rtelo porque va mejorando el cabello desde el interior), se trata de la <strong>Bioplastia Capilar<\/strong>, que probar\u00e9 el curso que viene, una vez lleve ya dos <strong>tratamientos Sweet para alisar<\/strong> y vea qu\u00e9 necesita mi cabello.<\/p>\n\n\n\n<p>Me lavo el pelo todos los d\u00edas y es importante cuidarlo con tratamientos y productos de calidad, ya he encontrado el tratamiento que me va y tambi\u00e9n los productos,<strong><a rel=\"noreferrer noopener\" aria-label=\" (opens in a new tab)\" href=\"http:\/\/charopalomo.es\" target=\"_blank\"> Charo Palomo<\/a><\/strong> me recomend\u00f3 el <strong>champ\u00fa Glacial White Caviar Hydra-Pure de Miriam Queved<\/strong>o y el <strong>Acondicionador Extrem Caviar<\/strong> de la misma marca, con los que estoy FELIZ, mis puntas han recuperado la unidad, se quedaban siempre como sueltas, y mi cabello refleja el brillo de una forma muy natural.<\/p>\n\n\n\n<figure class=\"wp-block-image\"><img loading=\"lazy\" decoding=\"async\" width=\"1024\" height=\"683\" src=\"https:\/\/oui-oui.es\/blog\/wp-content\/uploads\/2019\/06\/0013ElenaBau_CharoPalomo-1024x683.jpg\" alt=\"\" class=\"wp-image-9966\" srcset=\"https:\/\/oui-oui.es\/blog\/wp-content\/uploads\/2019\/06\/0013ElenaBau_CharoPalomo-1024x683.jpg 1024w, https:\/\/oui-oui.es\/blog\/wp-content\/uploads\/2019\/06\/0013ElenaBau_CharoPalomo-300x200.jpg 300w, https:\/\/oui-oui.es\/blog\/wp-content\/uploads\/2019\/06\/0013ElenaBau_CharoPalomo-768x512.jpg 768w, https:\/\/oui-oui.es\/blog\/wp-content\/uploads\/2019\/06\/0013ElenaBau_CharoPalomo-600x400.jpg 600w, https:\/\/oui-oui.es\/blog\/wp-content\/uploads\/2019\/06\/0013ElenaBau_CharoPalomo-640x427.jpg 640w\" sizes=\"auto, (max-width: 1024px) 100vw, 1024px\" \/><figcaption>Fotograf\u00eda de Elena Bau<\/figcaption><\/figure>\n\n\n\n<p>Otro d\u00eda os cuento m\u00e1s sobre el <strong><a rel=\"noreferrer noopener\" aria-label=\" (opens in a new tab)\" href=\"http:\/\/charopalomo.es\" target=\"_blank\">Atelier de Charo Palomo<\/a><\/strong> con el que<strong> estoy feliz de haber encontrado una peluquer\u00eda en la que te entienden<\/strong>, te preguntan y respetan, asesor\u00e1ndote fenomenal, cuid\u00e1ndote como si estuvieras en casa de una amiga (su m\u00fasica, terraza, sus masajes mientras te lavan la cabeza, su zona desde la que puedes trabajar mientras te atienden&#8230;\u00a1Tiene tanto qu\u00e9 contar!<\/p>\n\n\n\n<figure class=\"wp-block-image\"><img loading=\"lazy\" decoding=\"async\" width=\"1024\" height=\"683\" src=\"https:\/\/oui-oui.es\/blog\/wp-content\/uploads\/2019\/06\/027ElenaBau_ItziarAeguilera-1024x683.jpg\" alt=\"\" class=\"wp-image-9963\" srcset=\"https:\/\/oui-oui.es\/blog\/wp-content\/uploads\/2019\/06\/027ElenaBau_ItziarAeguilera-1024x683.jpg 1024w, https:\/\/oui-oui.es\/blog\/wp-content\/uploads\/2019\/06\/027ElenaBau_ItziarAeguilera-300x200.jpg 300w, https:\/\/oui-oui.es\/blog\/wp-content\/uploads\/2019\/06\/027ElenaBau_ItziarAeguilera-768x512.jpg 768w, https:\/\/oui-oui.es\/blog\/wp-content\/uploads\/2019\/06\/027ElenaBau_ItziarAeguilera-600x400.jpg 600w, https:\/\/oui-oui.es\/blog\/wp-content\/uploads\/2019\/06\/027ElenaBau_ItziarAeguilera-640x427.jpg 640w\" sizes=\"auto, (max-width: 1024px) 100vw, 1024px\" \/><figcaption>Fotograf\u00eda de Elena Bau<\/figcaption><\/figure>\n","protected":false},"excerpt":{"rendered":"<p>Tengo el pelo fosco desde peque\u00f1a, con rizos rebeldes en el flequillo y en la coronilla, si ten\u00e9is el pelo as\u00ed sab\u00e9is de lo que hablo&#8230;Desde que me alcanza la memoria recuerdo hacer cosas para intentar alisar mi pelo&#8230;Horas de secador, planchar el pelo con la plancha de la ropa, hacerme la toga&#8230;Un poco de [&hellip;]<\/p>\n","protected":false},"author":1,"featured_media":9964,"comment_status":"open","ping_status":"open","sticky":false,"template":"","format":"standard","meta":{"jetpack_post_was_ever_published":false,"_jetpack_newsletter_access":"","_jetpack_dont_email_post_to_subs":false,"_jetpack_newsletter_tier_id":0,"_jetpack_memberships_contains_paywalled_content":false,"_jetpack_memberships_contains_paid_content":false,"footnotes":"","jetpack_publicize_message":"","jetpack_publicize_feature_enabled":true,"jetpack_social_post_already_shared":true,"jetpack_social_options":{"image_generator_settings":{"template":"highway","default_image_id":0,"font":"","enabled":false},"version":2}},"categories":[322,704,177],"tags":[870],"class_list":["post-9962","post","type-post","status-publish","format-standard","has-post-thumbnail","hentry","category-a-una-futura-novia","category-boda","category-lifestyle-2","tag-belleza"],"aioseo_notices":[],"jetpack_publicize_connections":[],"jetpack_featured_media_url":"https:\/\/oui-oui.es\/blog\/wp-content\/uploads\/2019\/06\/035ElenaBau_ItziarAeguilera.jpg","jetpack_sharing_enabled":true,"jetpack-related-posts":[{"id":6024,"url":"https:\/\/oui-oui.es\/blog\/secretos-del-agua-o-como-tener-buena-cara-siempre\/","url_meta":{"origin":9962,"position":0},"title":"Secretos del agua o c\u00f3mo tener buena cara siempre","author":"Mar\u00eda \u2665Oui Oui\u2665","date":"10 julio, 2017","format":false,"excerpt":"Este no es un blog de belleza, pero si encuentro algo que me est\u00e9 resultando, \u00a1tengo que compartirlo! y eso me pas\u00f3 con Secretos del Agua; me invitaron a la presentaci\u00f3n de sus productos (como otras tantas invitaciones; no lo digo por presumir, sino para que sep\u00e1is que s\u00f3lo lo\u2026","rel":"","context":"En \u00abESTILO DE VIDA\u00bb","block_context":{"text":"ESTILO DE VIDA","link":"https:\/\/oui-oui.es\/blog\/category\/lifestyle-2\/"},"img":{"alt_text":"","src":"https:\/\/i0.wp.com\/oui-oui.es\/blog\/wp-content\/uploads\/2017\/07\/Oui-Oui-secretos-del-agua-pureza.jpg?resize=350%2C200&ssl=1","width":350,"height":200,"srcset":"https:\/\/i0.wp.com\/oui-oui.es\/blog\/wp-content\/uploads\/2017\/07\/Oui-Oui-secretos-del-agua-pureza.jpg?resize=350%2C200&ssl=1 1x, https:\/\/i0.wp.com\/oui-oui.es\/blog\/wp-content\/uploads\/2017\/07\/Oui-Oui-secretos-del-agua-pureza.jpg?resize=525%2C300&ssl=1 1.5x, https:\/\/i0.wp.com\/oui-oui.es\/blog\/wp-content\/uploads\/2017\/07\/Oui-Oui-secretos-del-agua-pureza.jpg?resize=700%2C400&ssl=1 2x, https:\/\/i0.wp.com\/oui-oui.es\/blog\/wp-content\/uploads\/2017\/07\/Oui-Oui-secretos-del-agua-pureza.jpg?resize=1050%2C600&ssl=1 3x, https:\/\/i0.wp.com\/oui-oui.es\/blog\/wp-content\/uploads\/2017\/07\/Oui-Oui-secretos-del-agua-pureza.jpg?resize=1400%2C800&ssl=1 4x"},"classes":[]},{"id":10481,"url":"https:\/\/oui-oui.es\/blog\/educar-sin-estereotipos\/","url_meta":{"origin":9962,"position":1},"title":"Educar sin Estereotipos","author":"Mar\u00eda \u2665Oui Oui\u2665","date":"29 abril, 2020","format":false,"excerpt":"Hace un a\u00f1o o dos mi hijo coment\u00f3 en casa que sus compa\u00f1eros dec\u00edan que llevar el pelo largo era de chicas, le argument\u00e9 por qu\u00e9 la longitud del cabello no tiene nada que ver con ser chico o chica y le mostr\u00e9 algunos ejemplos de hombres con pelo largo\u2026","rel":"","context":"En \u00abEDUCACI\u00d3N\u00bb","block_context":{"text":"EDUCACI\u00d3N","link":"https:\/\/oui-oui.es\/blog\/category\/educacion\/"},"img":{"alt_text":"","src":"https:\/\/i0.wp.com\/oui-oui.es\/blog\/wp-content\/uploads\/2020\/04\/Oui-Oui-educar-sin-estereotipos.jpg?resize=350%2C200&ssl=1","width":350,"height":200,"srcset":"https:\/\/i0.wp.com\/oui-oui.es\/blog\/wp-content\/uploads\/2020\/04\/Oui-Oui-educar-sin-estereotipos.jpg?resize=350%2C200&ssl=1 1x, https:\/\/i0.wp.com\/oui-oui.es\/blog\/wp-content\/uploads\/2020\/04\/Oui-Oui-educar-sin-estereotipos.jpg?resize=525%2C300&ssl=1 1.5x"},"classes":[]},{"id":954,"url":"https:\/\/oui-oui.es\/blog\/oui-oui-y-un-gran-equipo\/","url_meta":{"origin":9962,"position":2},"title":"Oui Oui y un gran equipo","author":"Mar\u00eda \u2665Oui Oui\u2665","date":"2 octubre, 2013","format":false,"excerpt":"El tiempo pasa volando, y parece que fu\u00e9 ayer cuando planificaba junto a Luc\u00eda la\u00a0 sesi\u00f3n de fotos de Oui Oui. Nos cost\u00f3 cuadrar fechas, entre disponibilidades y la lluvia de primavera (aunque se que a Luc\u00eda le hubiera encantado una sesi\u00f3n bajo lo lluvia, yo no estaba preparada...Todo se\u2026","rel":"","context":"En \u00abOUI OUI\u00bb","block_context":{"text":"OUI OUI","link":"https:\/\/oui-oui.es\/blog\/category\/oui-oui\/"},"img":{"alt_text":"","src":"https:\/\/i0.wp.com\/oui-oui.es\/blog\/wp-content\/uploads\/oui-oui-detalles-decoracic3b3n-puertas-ratoncito-pc3a9rez-marc3ada-gijc3b3n-33.jpg?resize=350%2C200&ssl=1","width":350,"height":200,"srcset":"https:\/\/i0.wp.com\/oui-oui.es\/blog\/wp-content\/uploads\/oui-oui-detalles-decoracic3b3n-puertas-ratoncito-pc3a9rez-marc3ada-gijc3b3n-33.jpg?resize=350%2C200&ssl=1 1x, https:\/\/i0.wp.com\/oui-oui.es\/blog\/wp-content\/uploads\/oui-oui-detalles-decoracic3b3n-puertas-ratoncito-pc3a9rez-marc3ada-gijc3b3n-33.jpg?resize=525%2C300&ssl=1 1.5x, https:\/\/i0.wp.com\/oui-oui.es\/blog\/wp-content\/uploads\/oui-oui-detalles-decoracic3b3n-puertas-ratoncito-pc3a9rez-marc3ada-gijc3b3n-33.jpg?resize=700%2C400&ssl=1 2x, https:\/\/i0.wp.com\/oui-oui.es\/blog\/wp-content\/uploads\/oui-oui-detalles-decoracic3b3n-puertas-ratoncito-pc3a9rez-marc3ada-gijc3b3n-33.jpg?resize=1050%2C600&ssl=1 3x, https:\/\/i0.wp.com\/oui-oui.es\/blog\/wp-content\/uploads\/oui-oui-detalles-decoracic3b3n-puertas-ratoncito-pc3a9rez-marc3ada-gijc3b3n-33.jpg?resize=1400%2C800&ssl=1 4x"},"classes":[]},{"id":96,"url":"https:\/\/oui-oui.es\/blog\/una-boda-sencilla-llena-de-detalles-y-con-un-estilo-muy-campestre\/","url_meta":{"origin":9962,"position":3},"title":"Una boda sencilla, llena de detalles y con un estilo muy campestre","author":"Mar\u00eda \u2665Oui Oui\u2665","date":"20 noviembre, 2012","format":false,"excerpt":"\u00c1lvaro y yo nos casamos en septiembre del a\u00f1o pasado y hasta ahora no he escrito un post completo sobre la boda (en Superfluo Imprescindible lo hice sobre los zapatos y sobre el ramo) por lo abrumador que se me hac\u00eda pensar c\u00f3mo contarlo todo. Pero tras ped\u00edrmelo muchas personas\u2026","rel":"","context":"En \u00abBoda\u00bb","block_context":{"text":"Boda","link":"https:\/\/oui-oui.es\/blog\/category\/fiestas-celebraciones\/boda\/"},"img":{"alt_text":"","src":"https:\/\/i0.wp.com\/oui-oui.es\/blog\/wp-content\/uploads\/oui-oui-boda-ma-carteles-madera-boda-palacio-de-rubianes.jpg?resize=350%2C200&ssl=1","width":350,"height":200,"srcset":"https:\/\/i0.wp.com\/oui-oui.es\/blog\/wp-content\/uploads\/oui-oui-boda-ma-carteles-madera-boda-palacio-de-rubianes.jpg?resize=350%2C200&ssl=1 1x, https:\/\/i0.wp.com\/oui-oui.es\/blog\/wp-content\/uploads\/oui-oui-boda-ma-carteles-madera-boda-palacio-de-rubianes.jpg?resize=525%2C300&ssl=1 1.5x, https:\/\/i0.wp.com\/oui-oui.es\/blog\/wp-content\/uploads\/oui-oui-boda-ma-carteles-madera-boda-palacio-de-rubianes.jpg?resize=700%2C400&ssl=1 2x, https:\/\/i0.wp.com\/oui-oui.es\/blog\/wp-content\/uploads\/oui-oui-boda-ma-carteles-madera-boda-palacio-de-rubianes.jpg?resize=1050%2C600&ssl=1 3x"},"classes":[]},{"id":9586,"url":"https:\/\/oui-oui.es\/blog\/biri-murias-un-regalo-para-la-piel-en-asturias\/","url_meta":{"origin":9962,"position":4},"title":"Biri Murias, un regalo para la piel en Asturias","author":"Mar\u00eda \u2665Oui Oui\u2665","date":"2 febrero, 2019","format":false,"excerpt":"Ten\u00eda este post pendiente desde la vuelta de verano porque quer\u00eda contaros mi experiencia en el Centro de Est\u00e9tica Biri Murias en Gij\u00f3n. Me gusta cuidarme pero, sobretodo, valoro mucho las experiencias de cuidado y relax y este verano me acerqu\u00e9 a conocer su nuevo espacio en la calle de\u2026","rel":"","context":"En \u00abA una futura novia\u00bb","block_context":{"text":"A una futura novia","link":"https:\/\/oui-oui.es\/blog\/category\/no-se-que-regalar\/a-una-futura-novia\/"},"img":{"alt_text":"","src":"https:\/\/i0.wp.com\/oui-oui.es\/blog\/wp-content\/uploads\/2019\/02\/Biri-Murias-Advanced-Beauty-Site3.jpg?resize=350%2C200&ssl=1","width":350,"height":200,"srcset":"https:\/\/i0.wp.com\/oui-oui.es\/blog\/wp-content\/uploads\/2019\/02\/Biri-Murias-Advanced-Beauty-Site3.jpg?resize=350%2C200&ssl=1 1x, https:\/\/i0.wp.com\/oui-oui.es\/blog\/wp-content\/uploads\/2019\/02\/Biri-Murias-Advanced-Beauty-Site3.jpg?resize=525%2C300&ssl=1 1.5x, https:\/\/i0.wp.com\/oui-oui.es\/blog\/wp-content\/uploads\/2019\/02\/Biri-Murias-Advanced-Beauty-Site3.jpg?resize=700%2C400&ssl=1 2x, https:\/\/i0.wp.com\/oui-oui.es\/blog\/wp-content\/uploads\/2019\/02\/Biri-Murias-Advanced-Beauty-Site3.jpg?resize=1050%2C600&ssl=1 3x, https:\/\/i0.wp.com\/oui-oui.es\/blog\/wp-content\/uploads\/2019\/02\/Biri-Murias-Advanced-Beauty-Site3.jpg?resize=1400%2C800&ssl=1 4x"},"classes":[]},{"id":4357,"url":"https:\/\/oui-oui.es\/blog\/5-practicos-regalos-para-una-reciente-mama\/","url_meta":{"origin":9962,"position":5},"title":"5 pr\u00e1cticos regalos para una reciente mam\u00e1","author":"Mar\u00eda \u2665Oui Oui\u2665","date":"25 mayo, 2016","format":false,"excerpt":"Cuando te quedas embarazada (sobretodo si es del primer hijo) recibes muchos regalos, m\u00e1s para el beb\u00e9 que para t\u00ed pero te regalan cosas nuevas, la mayor\u00eda no hab\u00eda estado en tu espectro de compras y empiezas a descubrir un mundo nuevo.Si tienes a una mujer embarazada cerca, aqu\u00ed van\u2026","rel":"","context":"En \u00abMATERNIDAD\u00bb","block_context":{"text":"MATERNIDAD","link":"https:\/\/oui-oui.es\/blog\/category\/maternidad\/"},"img":{"alt_text":"","src":"https:\/\/i0.wp.com\/oui-oui.es\/blog\/wp-content\/uploads\/2016\/05\/Oui-Oui-auriculares-inalambricos-carrito-bebe-urbanista.jpg?resize=350%2C200&ssl=1","width":350,"height":200,"srcset":"https:\/\/i0.wp.com\/oui-oui.es\/blog\/wp-content\/uploads\/2016\/05\/Oui-Oui-auriculares-inalambricos-carrito-bebe-urbanista.jpg?resize=350%2C200&ssl=1 1x, https:\/\/i0.wp.com\/oui-oui.es\/blog\/wp-content\/uploads\/2016\/05\/Oui-Oui-auriculares-inalambricos-carrito-bebe-urbanista.jpg?resize=525%2C300&ssl=1 1.5x, https:\/\/i0.wp.com\/oui-oui.es\/blog\/wp-content\/uploads\/2016\/05\/Oui-Oui-auriculares-inalambricos-carrito-bebe-urbanista.jpg?resize=700%2C400&ssl=1 2x, https:\/\/i0.wp.com\/oui-oui.es\/blog\/wp-content\/uploads\/2016\/05\/Oui-Oui-auriculares-inalambricos-carrito-bebe-urbanista.jpg?resize=1050%2C600&ssl=1 3x, https:\/\/i0.wp.com\/oui-oui.es\/blog\/wp-content\/uploads\/2016\/05\/Oui-Oui-auriculares-inalambricos-carrito-bebe-urbanista.jpg?resize=1400%2C800&ssl=1 4x"},"classes":[]}],"_links":{"self":[{"href":"https:\/\/oui-oui.es\/blog\/wp-json\/wp\/v2\/posts\/9962","targetHints":{"allow":["GET"]}}],"collection":[{"href":"https:\/\/oui-oui.es\/blog\/wp-json\/wp\/v2\/posts"}],"about":[{"href":"https:\/\/oui-oui.es\/blog\/wp-json\/wp\/v2\/types\/post"}],"author":[{"embeddable":true,"href":"https:\/\/oui-oui.es\/blog\/wp-json\/wp\/v2\/users\/1"}],"replies":[{"embeddable":true,"href":"https:\/\/oui-oui.es\/blog\/wp-json\/wp\/v2\/comments?post=9962"}],"version-history":[{"count":1,"href":"https:\/\/oui-oui.es\/blog\/wp-json\/wp\/v2\/posts\/9962\/revisions"}],"predecessor-version":[{"id":9968,"href":"https:\/\/oui-oui.es\/blog\/wp-json\/wp\/v2\/posts\/9962\/revisions\/9968"}],"wp:featuredmedia":[{"embeddable":true,"href":"https:\/\/oui-oui.es\/blog\/wp-json\/wp\/v2\/media\/9964"}],"wp:attachment":[{"href":"https:\/\/oui-oui.es\/blog\/wp-json\/wp\/v2\/media?parent=9962"}],"wp:term":[{"taxonomy":"category","embeddable":true,"href":"https:\/\/oui-oui.es\/blog\/wp-json\/wp\/v2\/categories?post=9962"},{"taxonomy":"post_tag","embeddable":true,"href":"https:\/\/oui-oui.es\/blog\/wp-json\/wp\/v2\/tags?post=9962"}],"curies":[{"name":"wp","href":"https:\/\/api.w.org\/{rel}","templated":true}]}}