{"id":9996,"date":"2019-07-18T14:48:54","date_gmt":"2019-07-18T12:48:54","guid":{"rendered":"https:\/\/oui-oui.es\/blog\/?p=9996"},"modified":"2019-07-18T14:48:58","modified_gmt":"2019-07-18T12:48:58","slug":"las-nuevas-tecnologias-y-los-ninos-estudio-tenemoslike","status":"publish","type":"post","link":"https:\/\/oui-oui.es\/blog\/las-nuevas-tecnologias-y-los-ninos-estudio-tenemoslike\/","title":{"rendered":"Las nuevas tecnolog\u00edas y los ni\u00f1os | Estudio #TenemosLike"},"content":{"rendered":"\n<figure class=\"wp-block-image\"><img loading=\"lazy\" decoding=\"async\" width=\"1024\" height=\"512\" src=\"https:\/\/oui-oui.es\/blog\/wp-content\/uploads\/2019\/07\/Oui-Oui-tenemoslike-malasmadres-uso-tecnologia-ni\u00f1os-educaci\u00f3n-movistar-1024x512.jpg\" alt=\"\" class=\"wp-image-9997\" srcset=\"https:\/\/oui-oui.es\/blog\/wp-content\/uploads\/2019\/07\/Oui-Oui-tenemoslike-malasmadres-uso-tecnologia-ni\u00f1os-educaci\u00f3n-movistar-1024x512.jpg 1024w, https:\/\/oui-oui.es\/blog\/wp-content\/uploads\/2019\/07\/Oui-Oui-tenemoslike-malasmadres-uso-tecnologia-ni\u00f1os-educaci\u00f3n-movistar-300x150.jpg 300w, https:\/\/oui-oui.es\/blog\/wp-content\/uploads\/2019\/07\/Oui-Oui-tenemoslike-malasmadres-uso-tecnologia-ni\u00f1os-educaci\u00f3n-movistar-768x384.jpg 768w, https:\/\/oui-oui.es\/blog\/wp-content\/uploads\/2019\/07\/Oui-Oui-tenemoslike-malasmadres-uso-tecnologia-ni\u00f1os-educaci\u00f3n-movistar-600x300.jpg 600w, https:\/\/oui-oui.es\/blog\/wp-content\/uploads\/2019\/07\/Oui-Oui-tenemoslike-malasmadres-uso-tecnologia-ni\u00f1os-educaci\u00f3n-movistar-640x320.jpg 640w, https:\/\/oui-oui.es\/blog\/wp-content\/uploads\/2019\/07\/Oui-Oui-tenemoslike-malasmadres-uso-tecnologia-ni\u00f1os-educaci\u00f3n-movistar.jpg 1025w\" sizes=\"auto, (max-width: 1024px) 100vw, 1024px\" \/><\/figure>\n\n\n\n<p>Esta ma\u00f1ana he acudido a la presentaci\u00f3n del estudio #TenemosLike realizado por el Club de Malasmadres y Movistar tomando como muestra madres del Club. Me interesaba mucho porque es un tema que me preocupa a futuro, mis hijos son peque\u00f1os y, con mucho esfuerzo, a\u00fan no utilizan dispositivos.<\/p>\n\n\n\n<p>El estudio se centra en la <strong>educaci\u00f3n en el uso de la tecnolog\u00eda<\/strong>, arroja datos para m\u00ed muy preocupantes, como <\/p>\n\n\n\n<blockquote class=\"wp-block-quote is-layout-flow wp-block-quote-is-layout-flow\"><p>El porcentaje de madres que reconoce que <strong>sus hijos hacen uso de dispositivos m\u00f3viles en las siguientes franjas de edades:<\/strong><\/p><p>48% menores de dos a\u00f1os<\/p><p>77% entre 3 y 5 a\u00f1os<\/p><p>96% m\u00e1s de 6 a\u00f1os<\/p><cite>Estudio #TenemosLike . Malasmadres &amp; Movistar<\/cite><\/blockquote>\n\n\n\n<p>Estos datos me preocupan much\u00edsimo porque <strong>creo que ese uso abusivo en la primera infancia est\u00e1 propiciado<\/strong>, sobretodo, por el <strong>desconocimiento<\/strong>. Veo todos los d\u00edas madres y padres poni\u00e9ndole el m\u00f3vil con dibujos a beb\u00e9s que ni siquiera lo estaban demandando (por ejemplo en un restaurante, no lloran, no hacen nada, pero se lo ponen para dar el potito y, ya de paso, se lo dejan y as\u00ed, entiendo, que comen m\u00e1s tranquilos). <\/p>\n\n\n\n<div class=\"wp-block-image\"><figure class=\"aligncenter\"><img loading=\"lazy\" decoding=\"async\" width=\"478\" height=\"270\" src=\"https:\/\/oui-oui.es\/blog\/wp-content\/uploads\/2019\/07\/Oui-Oui-uso-dispositivos-moviles-hijos-.jpg\" alt=\"\" class=\"wp-image-10001\" srcset=\"https:\/\/oui-oui.es\/blog\/wp-content\/uploads\/2019\/07\/Oui-Oui-uso-dispositivos-moviles-hijos-.jpg 478w, https:\/\/oui-oui.es\/blog\/wp-content\/uploads\/2019\/07\/Oui-Oui-uso-dispositivos-moviles-hijos--300x169.jpg 300w\" sizes=\"auto, (max-width: 478px) 100vw, 478px\" \/><\/figure><\/div>\n\n\n\n<p>Estoy segura de que <strong>no lo har\u00edan si supieran<\/strong> lo que<strong> influye en el desarrollo de la miop\u00eda en ni\u00f1os<\/strong>, en <strong>desarrollar nerviosismo tras un buen rato de exposici\u00f3n<\/strong> y c\u00f3mo <em><strong>atrofia partes del cerebro<\/strong><\/em><strong> al dejar de usar neuronas que necesitamos<\/strong>, por ejemplo, para hacer un puzzle f\u00edsico, pero no uno virtual, que si nos equivocamos de pieza directamente el sistema la rechaza y si, acertamos, la pieza se acerca sola hacia su sitio (esto lo digo por el argumento de la cantidad de aplicaciones <em>supuestamente benieficiosas<\/em> para la educaci\u00f3n de nuestros hijos) <strong>\u00bfde verdad cre\u00e9is que en ni\u00f1os menores de seis a\u00f1os hay aplicaciones que ense\u00f1an mejor que la propia realidad?<\/strong>, que la experiementaci\u00f3n, la prueba y el error, el desarrollo de los sentidos; tocar, oler algo, manipular&#8230;<strong>Todos esos gestos generan unos cambios en el cerebro que ayudan mucho m\u00e1s que a la propia tarea que estamos llevando a cabo.<\/strong> Y no lo digo yo, lo dijo <strong>\u00c1lvaro Bilbao<\/strong>  en una conferencia, hace un a\u00f1o, tambi\u00e9n en la <strong>Malasmadres House<\/strong>, en la que contaba su experiencia con sus tres hijos que no utilizaban tecnolog\u00eda por debajo de esas edad (m\u00e1s all\u00e1 de hablar a veces con los abuelos o familiares por Facetime), y es una opini\u00f3n extendida entre   m\u00e1s docentes y neurocient\u00edficos).<\/p>\n\n\n\n<figure class=\"wp-block-image\"><img loading=\"lazy\" decoding=\"async\" width=\"850\" height=\"400\" src=\"https:\/\/oui-oui.es\/blog\/wp-content\/uploads\/2019\/07\/Oui-Oui-tenemoslike-malasmadres-uso-tecnologia-ni\u00f1os-educaci\u00f3n-movistar-edad-tener-movil-1.jpg\" alt=\"\" class=\"wp-image-9999\" srcset=\"https:\/\/oui-oui.es\/blog\/wp-content\/uploads\/2019\/07\/Oui-Oui-tenemoslike-malasmadres-uso-tecnologia-ni\u00f1os-educaci\u00f3n-movistar-edad-tener-movil-1.jpg 850w, https:\/\/oui-oui.es\/blog\/wp-content\/uploads\/2019\/07\/Oui-Oui-tenemoslike-malasmadres-uso-tecnologia-ni\u00f1os-educaci\u00f3n-movistar-edad-tener-movil-1-300x141.jpg 300w, https:\/\/oui-oui.es\/blog\/wp-content\/uploads\/2019\/07\/Oui-Oui-tenemoslike-malasmadres-uso-tecnologia-ni\u00f1os-educaci\u00f3n-movistar-edad-tener-movil-1-768x361.jpg 768w, https:\/\/oui-oui.es\/blog\/wp-content\/uploads\/2019\/07\/Oui-Oui-tenemoslike-malasmadres-uso-tecnologia-ni\u00f1os-educaci\u00f3n-movistar-edad-tener-movil-1-600x282.jpg 600w, https:\/\/oui-oui.es\/blog\/wp-content\/uploads\/2019\/07\/Oui-Oui-tenemoslike-malasmadres-uso-tecnologia-ni\u00f1os-educaci\u00f3n-movistar-edad-tener-movil-1-640x301.jpg 640w\" sizes=\"auto, (max-width: 850px) 100vw, 850px\" \/><\/figure>\n\n\n\n<p>Mis hijos tienen menos de seis a\u00f1os y por eso me centro en esta franja, porque es la que me ocupa y la que conozco (para lxs que teng\u00e1is hijxs m\u00e1s mayores os recomiendo que os le\u00e1is <strong><a href=\"https:\/\/clubdemalasmadres.com\/como-educamos-las-malasmadres-en-el-uso-de-la-tecnologia\/\">este post<\/a><\/strong> con m\u00e1s informaci\u00f3n).<\/p>\n\n\n\n<p>En la presentaci\u00f3n de esta ma\u00f1ana estaba <strong>Mar\u00eda Zabala<\/strong>, experta en educaci\u00f3n digital para familias, y ha dicho dos cosas que me gustar\u00eda resaltar:<\/p>\n\n\n\n<ul class=\"wp-block-list\"><li><strong>Una con la que estoy de acuerdo:<\/strong> deber\u00edamos centrarnos m\u00e1s en lo que se puede hacer con la tecnolog\u00eda a nuestro alcance que en lo que no se puede hacer. Es decir, si no quieres dejarle el m\u00f3vil a tus hijos para ver dibujos, ni para juegos que al final le enganchen pero te lo demanda porque te ve siempre con \u00e9l, proponle algo que s\u00ed pueda hacr con \u00e9l acorde a su edad. Si son peque\u00f1os puede ser escuchar una canci\u00f3n, llamar a un familiar por facetime o ver fotos de cuando era beb\u00e9 y si son mayores, buscar fotos de algo que le gusta para luego imprimirlas y hacr un collage.<\/li><li><strong>Otra con la que no estoy de acuerdo:<\/strong> me da la sensaci\u00f3n, es decir, matizo, es m\u00e1s una sensaci\u00f3n m\u00eda que algo que haya dicho ella directamente, que, dentro de esa propuesta de <em>abrir <\/em>la tecnolog\u00eda, parece que ahora no es pol\u00edticamente correcto decir que ser\u00eda mejor que los ni\u00f1os en la primera infancia no utilizaran dispositivos m\u00f3viles y entonces nos centramos en c\u00f3mo se debe usar esa tecnolog\u00eda (puede que ella se est\u00e9 refiriendo a ni\u00f1os m\u00e1s mayores y yo lo haya extrapolado a todos), los colegios justifican su uso por una mayor motivaci\u00f3n de los alumnos y por los beneficios (habr\u00eda que analizar para qui\u00e9n) de la gamificaci\u00f3n, cuando creo que la pregunta ante el uso de la tecnolog\u00eda en ni\u00f1os peque\u00f1os deber\u00eda ser \u00bfel uso que le voy a dar verdaderemente me ofrece m\u00e1s y mejor que su alternativa anal\u00f3gica? en el caso de la m\u00fasica, s\u00ed, gracias a Spotify podemos escuchar todo tipo de m\u00fasica de una forma f\u00e1cil, accesible y casi gratu\u00edta que no ser\u00eda posible mediante otro formato m\u00e1s antiguo. Sin embargo, si vamos a hacer sumas y el programa de la tablet nos ofrece una especie de videojuego versus aprender a sumar contando cosas reales, moviendo garbanzos (o Supezings) pues, claramente, me quedo con la segunda opci\u00f3n, aunque requiera de m\u00e1s esfuerzo, tiempo y dedicaci\u00f3n por nuestra parte, siempre hablando de ni\u00f1os de infantil y primaria y en general. Quiz\u00e1s un tutorial de youtube sirva para ense\u00f1ar a tu hijo a tocar el piano, pero seguramete sea m\u00e1s mayor de 6-8 a\u00f1os.<\/li><\/ul>\n\n\n\n<p>Me he dejado mis apuntes de la charla en casa y estoy en la oficina as\u00ed que igual edito m\u00e1s adelante si se me escapa algo pero quer\u00eda escribir el post en pro de una mayor divulgaci\u00f3n sobre el uso de dispositivos electr\u00f3nicos en ni\u00f1os peque\u00f1os que no s\u00f3lo no son buenos sino que no son NADA recomendables. De verdad que se que es dif\u00edcil no tirar de ellos pero si sabemos que no son buenos (como los procesados, en nutrici\u00f3n, por ejemplo) al menos cuando los usemos sabremos que son la \u00faltima opci\u00f3n, no la primera. <\/p>\n\n\n\n<div class=\"wp-block-image\"><figure class=\"aligncenter\"><img loading=\"lazy\" decoding=\"async\" width=\"467\" height=\"400\" src=\"https:\/\/oui-oui.es\/blog\/wp-content\/uploads\/2019\/07\/oui-oui-que-hacer-para-que-los-ni\u00f1os-lean-flavita-banana-dispositivos-moviles-ni\u00f1os.png\" alt=\"\" class=\"wp-image-10000\" srcset=\"https:\/\/oui-oui.es\/blog\/wp-content\/uploads\/2019\/07\/oui-oui-que-hacer-para-que-los-ni\u00f1os-lean-flavita-banana-dispositivos-moviles-ni\u00f1os.png 467w, https:\/\/oui-oui.es\/blog\/wp-content\/uploads\/2019\/07\/oui-oui-que-hacer-para-que-los-ni\u00f1os-lean-flavita-banana-dispositivos-moviles-ni\u00f1os-300x257.png 300w\" sizes=\"auto, (max-width: 467px) 100vw, 467px\" \/><\/figure><\/div>\n\n\n\n<p>Este tema da para mucho m\u00e1s, <strong>el uso de las redes sociales en ni\u00f1os y adolescentes, la exposici\u00f3n, la necesidad de mostrarse, la p\u00e9rdida del derecho a la reinvenci\u00f3n de uno mism<\/strong>o (ya no se puede ser el empoll\u00f3n en el colegio, el deportista en la playa y otra faceta en el pueblo), ahora tus etiquetas y lo que hayas estado mostrando todo el a\u00f1o te acompa\u00f1ar\u00e1n siempre&#8230;Nosotros pod\u00edamos \u00abser\u00bb una persona en el colegio y pod\u00edamos reinventarnos en el pueblo, sobretodo ni\u00f1xs que hubieran sido estigmaticado por algo en alg\u00fan sitio, pod\u00edamos mostrar nuestra cara B, ahora les va a ser m\u00e1s dif\u00edcil&#8230;Adem\u00e1s de crecer viendo siempre lo <em>geniales <\/em>que  son otras vidas, algo que vivimos nosotros ahora, pero nos ha llegado ya maduro y, a\u00fan as\u00ed, no siempre es f\u00e1cil de gestionar&#8230;<\/p>\n\n\n\n<p>Este informe e iniciativa de <strong>Malasmadres <\/strong>nos da la esperanza de <strong>tener recursos a nuestro alcance para aprender y formanos m\u00e1s<\/strong>, con plataformas como la de <strong><a rel=\"noreferrer noopener\" aria-label=\"Iwomanish (opens in a new tab)\" href=\"https:\/\/www.iwomanish.com\/\" target=\"_blank\">Iwomanish<\/a><\/strong> o <strong><a href=\"https:\/\/empantallados.com\/\">Empantallados<\/a><\/strong>, pero creo que <strong>necesitamos m\u00e1s formaci\u00f3n sobre la gesti\u00f3n emocional de todo ello<\/strong>. Estamos en la t\u00e9cnica (c\u00f3mo hablar de tecnolog\u00eda, qu\u00e9 apps usar, el control parental, el vocabulario, etc&#8230;) <strong>pero falta la emocional<\/strong>&#8230;Ah\u00ed lo dejo!!<\/p>\n","protected":false},"excerpt":{"rendered":"<p>Esta ma\u00f1ana he acudido a la presentaci\u00f3n del estudio #TenemosLike realizado por el Club de Malasmadres y Movistar tomando como muestra madres del Club. Me interesaba mucho porque es un tema que me preocupa a futuro, mis hijos son peque\u00f1os y, con mucho esfuerzo, a\u00fan no utilizan dispositivos. El estudio se centra en la educaci\u00f3n [&hellip;]<\/p>\n","protected":false},"author":1,"featured_media":10001,"comment_status":"open","ping_status":"open","sticky":false,"template":"","format":"standard","meta":{"jetpack_post_was_ever_published":false,"_jetpack_newsletter_access":"","_jetpack_dont_email_post_to_subs":false,"_jetpack_newsletter_tier_id":0,"_jetpack_memberships_contains_paywalled_content":false,"_jetpack_memberships_contains_paid_content":false,"footnotes":"","jetpack_publicize_message":"","jetpack_publicize_feature_enabled":true,"jetpack_social_post_already_shared":true,"jetpack_social_options":{"image_generator_settings":{"template":"highway","default_image_id":0,"font":"","enabled":false},"version":2}},"categories":[868],"tags":[872,808,772,871],"class_list":["post-9996","post","type-post","status-publish","format-standard","has-post-thumbnail","hentry","category-educacion","tag-digital","tag-educacion","tag-educar","tag-nuevas-tecnologias"],"aioseo_notices":[],"jetpack_publicize_connections":[],"jetpack_featured_media_url":"https:\/\/oui-oui.es\/blog\/wp-content\/uploads\/2019\/07\/Oui-Oui-uso-dispositivos-moviles-hijos-.jpg","jetpack_sharing_enabled":true,"jetpack-related-posts":[{"id":10449,"url":"https:\/\/oui-oui.es\/blog\/por-que-no-me-gusta-smartick\/","url_meta":{"origin":9996,"position":0},"title":"Por qu\u00e9 no me gusta Smartick","author":"Mar\u00eda \u2665Oui Oui\u2665","date":"27 marzo, 2020","format":false,"excerpt":"Imagen v\u00eda El Pa\u00eds Llevo tiempo pensando en compartir mi opini\u00f3n sobre la aplicaci\u00f3n de matem\u00e1ticas Smartick pero no he tenido tiempo hasta ahora y soy consciente que justo durante este Estado de Alarma - Cuarentena estar\u00e1 siendo utilizado much\u00edsimo m\u00e1s y, adem\u00e1s, ayudando a que muchas madres y padres\u2026","rel":"","context":"En \u00abEDUCACI\u00d3N\u00bb","block_context":{"text":"EDUCACI\u00d3N","link":"https:\/\/oui-oui.es\/blog\/category\/educacion\/"},"img":{"alt_text":"","src":"https:\/\/i0.wp.com\/oui-oui.es\/blog\/wp-content\/uploads\/2020\/03\/Oui-Oui-opiniones-smartick-valoracion-smartick-opiniones-negativas-smartick-metodo-matematicas.jpg?resize=350%2C200&ssl=1","width":350,"height":200,"srcset":"https:\/\/i0.wp.com\/oui-oui.es\/blog\/wp-content\/uploads\/2020\/03\/Oui-Oui-opiniones-smartick-valoracion-smartick-opiniones-negativas-smartick-metodo-matematicas.jpg?resize=350%2C200&ssl=1 1x, https:\/\/i0.wp.com\/oui-oui.es\/blog\/wp-content\/uploads\/2020\/03\/Oui-Oui-opiniones-smartick-valoracion-smartick-opiniones-negativas-smartick-metodo-matematicas.jpg?resize=525%2C300&ssl=1 1.5x, https:\/\/i0.wp.com\/oui-oui.es\/blog\/wp-content\/uploads\/2020\/03\/Oui-Oui-opiniones-smartick-valoracion-smartick-opiniones-negativas-smartick-metodo-matematicas.jpg?resize=700%2C400&ssl=1 2x"},"classes":[]},{"id":8860,"url":"https:\/\/oui-oui.es\/blog\/y-tu-como-educas-a-tus-hijos\/","url_meta":{"origin":9996,"position":1},"title":"Y t\u00fa \u00bfc\u00f3mo educas a tus hijos?","author":"Mar\u00eda \u2665Oui Oui\u2665","date":"26 febrero, 2018","format":false,"excerpt":"Las noticias sobre sucesos con ni\u00f1os, los chats de whatsapp del colegio, las charlas sobre educaci\u00f3n y futuro con amigas dan mucho de s\u00ed, y llevaba un tiempo reflexionando sobre la delgada l\u00ednea entre el derecho que tenemos los padres a educar de la forma que mejor nos parezca y\u2026","rel":"","context":"En \u00abMATERNIDAD\u00bb","block_context":{"text":"MATERNIDAD","link":"https:\/\/oui-oui.es\/blog\/category\/maternidad\/"},"img":{"alt_text":"","src":"https:\/\/i0.wp.com\/oui-oui.es\/blog\/wp-content\/uploads\/2018\/02\/Oui-Oui-set-paris-kiko-juego-madera-paris-paris-matchi-kiko.jpg?resize=350%2C200&ssl=1","width":350,"height":200,"srcset":"https:\/\/i0.wp.com\/oui-oui.es\/blog\/wp-content\/uploads\/2018\/02\/Oui-Oui-set-paris-kiko-juego-madera-paris-paris-matchi-kiko.jpg?resize=350%2C200&ssl=1 1x, https:\/\/i0.wp.com\/oui-oui.es\/blog\/wp-content\/uploads\/2018\/02\/Oui-Oui-set-paris-kiko-juego-madera-paris-paris-matchi-kiko.jpg?resize=525%2C300&ssl=1 1.5x, https:\/\/i0.wp.com\/oui-oui.es\/blog\/wp-content\/uploads\/2018\/02\/Oui-Oui-set-paris-kiko-juego-madera-paris-paris-matchi-kiko.jpg?resize=700%2C400&ssl=1 2x"},"classes":[]},{"id":10583,"url":"https:\/\/oui-oui.es\/blog\/10-cuentas-de-instagram-que-te-ayudaran-en-la-educacion-de-tus-hijos-e-hijas\/","url_meta":{"origin":9996,"position":2},"title":"10 cuentas de Instagram que te ayudar\u00e1n en la educaci\u00f3n de tus hijos e hijas","author":"Mar\u00eda \u2665Oui Oui\u2665","date":"14 septiembre, 2020","format":false,"excerpt":"Con la vuelta al cole ya encauzada me apetec\u00eda compartir algunas cuentas de Instagram sobre educaci\u00f3n que sigo y que seguro que os pueden ayudar tanto con ideas para el d\u00eda a d\u00eda como por si tuvi\u00e9seis que montar el cole en casa unos d\u00edas. Se trata de colegios cuyos\u2026","rel":"","context":"En \u00abEDUCACI\u00d3N\u00bb","block_context":{"text":"EDUCACI\u00d3N","link":"https:\/\/oui-oui.es\/blog\/category\/educacion\/"},"img":{"alt_text":"","src":"https:\/\/i0.wp.com\/oui-oui.es\/blog\/wp-content\/uploads\/2020\/09\/Oui-Oui-Las-10-cuentas-de-Instagram-sobre-educacion-que-no-te-puedes-perder-School.jpg?resize=350%2C200&ssl=1","width":350,"height":200,"srcset":"https:\/\/i0.wp.com\/oui-oui.es\/blog\/wp-content\/uploads\/2020\/09\/Oui-Oui-Las-10-cuentas-de-Instagram-sobre-educacion-que-no-te-puedes-perder-School.jpg?resize=350%2C200&ssl=1 1x, https:\/\/i0.wp.com\/oui-oui.es\/blog\/wp-content\/uploads\/2020\/09\/Oui-Oui-Las-10-cuentas-de-Instagram-sobre-educacion-que-no-te-puedes-perder-School.jpg?resize=525%2C300&ssl=1 1.5x, https:\/\/i0.wp.com\/oui-oui.es\/blog\/wp-content\/uploads\/2020\/09\/Oui-Oui-Las-10-cuentas-de-Instagram-sobre-educacion-que-no-te-puedes-perder-School.jpg?resize=700%2C400&ssl=1 2x, https:\/\/i0.wp.com\/oui-oui.es\/blog\/wp-content\/uploads\/2020\/09\/Oui-Oui-Las-10-cuentas-de-Instagram-sobre-educacion-que-no-te-puedes-perder-School.jpg?resize=1050%2C600&ssl=1 3x"},"classes":[]},{"id":10381,"url":"https:\/\/oui-oui.es\/blog\/educar-con-disciplina-positiva\/","url_meta":{"origin":9996,"position":3},"title":"Educar con disciplina positiva","author":"Mar\u00eda \u2665Oui Oui\u2665","date":"14 enero, 2020","format":false,"excerpt":"Durante seis jueves de octubre y noviembre realic\u00e9 el curso de Disciplina Positiva del que tanto hab\u00eda o\u00eddo hablar y que ten\u00eda tantas ganas y quer\u00eda compatirlo en el blog y dejar constancia de mi experiencia porque me result\u00f3 muy efectivo, y me sigue resultando. Es importante saber que no\u2026","rel":"","context":"En \u00abEDUCACI\u00d3N\u00bb","block_context":{"text":"EDUCACI\u00d3N","link":"https:\/\/oui-oui.es\/blog\/category\/educacion\/"},"img":{"alt_text":"","src":"https:\/\/i0.wp.com\/oui-oui.es\/blog\/wp-content\/uploads\/2020\/01\/Oui-Oui-juego-memoria-buenos-habitos-memory-buenos-habitos-con-trompa-y-carton-juego-disciplina-positiva-scaled.jpg?resize=350%2C200&ssl=1","width":350,"height":200,"srcset":"https:\/\/i0.wp.com\/oui-oui.es\/blog\/wp-content\/uploads\/2020\/01\/Oui-Oui-juego-memoria-buenos-habitos-memory-buenos-habitos-con-trompa-y-carton-juego-disciplina-positiva-scaled.jpg?resize=350%2C200&ssl=1 1x, https:\/\/i0.wp.com\/oui-oui.es\/blog\/wp-content\/uploads\/2020\/01\/Oui-Oui-juego-memoria-buenos-habitos-memory-buenos-habitos-con-trompa-y-carton-juego-disciplina-positiva-scaled.jpg?resize=525%2C300&ssl=1 1.5x, https:\/\/i0.wp.com\/oui-oui.es\/blog\/wp-content\/uploads\/2020\/01\/Oui-Oui-juego-memoria-buenos-habitos-memory-buenos-habitos-con-trompa-y-carton-juego-disciplina-positiva-scaled.jpg?resize=700%2C400&ssl=1 2x, https:\/\/i0.wp.com\/oui-oui.es\/blog\/wp-content\/uploads\/2020\/01\/Oui-Oui-juego-memoria-buenos-habitos-memory-buenos-habitos-con-trompa-y-carton-juego-disciplina-positiva-scaled.jpg?resize=1050%2C600&ssl=1 3x, https:\/\/i0.wp.com\/oui-oui.es\/blog\/wp-content\/uploads\/2020\/01\/Oui-Oui-juego-memoria-buenos-habitos-memory-buenos-habitos-con-trompa-y-carton-juego-disciplina-positiva-scaled.jpg?resize=1400%2C800&ssl=1 4x"},"classes":[]},{"id":5247,"url":"https:\/\/oui-oui.es\/blog\/5247-2\/","url_meta":{"origin":9996,"position":4},"title":"Somos Equipo y, por tanto, corresponsables","author":"Mar\u00eda \u2665Oui Oui\u2665","date":"29 marzo, 2017","format":false,"excerpt":"\u00a0 Llevo queriendo escribir este post desde el mismo d\u00eda que acud\u00ed a la presentaci\u00f3n del II Estudio de la Asociaci\u00f3n Yo No Renuncio, creada por el Club de las Malas Madres. El estudio \"Somos Equipo\" recog\u00eda los resultados de la macro encuesta que hab\u00edan realizado unos meses antes en\u2026","rel":"","context":"En \u00abMATERNIDAD\u00bb","block_context":{"text":"MATERNIDAD","link":"https:\/\/oui-oui.es\/blog\/category\/maternidad\/"},"img":{"alt_text":"","src":"https:\/\/i0.wp.com\/oui-oui.es\/blog\/wp-content\/uploads\/2017\/03\/Oui-Oui-Yo-no-renuncio-responsable-tareas-domesticas-aportacion-al-hogar.jpg?resize=350%2C200&ssl=1","width":350,"height":200,"srcset":"https:\/\/i0.wp.com\/oui-oui.es\/blog\/wp-content\/uploads\/2017\/03\/Oui-Oui-Yo-no-renuncio-responsable-tareas-domesticas-aportacion-al-hogar.jpg?resize=350%2C200&ssl=1 1x, https:\/\/i0.wp.com\/oui-oui.es\/blog\/wp-content\/uploads\/2017\/03\/Oui-Oui-Yo-no-renuncio-responsable-tareas-domesticas-aportacion-al-hogar.jpg?resize=525%2C300&ssl=1 1.5x, https:\/\/i0.wp.com\/oui-oui.es\/blog\/wp-content\/uploads\/2017\/03\/Oui-Oui-Yo-no-renuncio-responsable-tareas-domesticas-aportacion-al-hogar.jpg?resize=700%2C400&ssl=1 2x"},"classes":[]},{"id":10691,"url":"https:\/\/oui-oui.es\/blog\/el-uso-de-smartick-en-la-etapa-infantil\/","url_meta":{"origin":9996,"position":5},"title":"El uso de Smartick en la etapa infantil","author":"Mar\u00eda \u2665Oui Oui\u2665","date":"15 septiembre, 2021","format":false,"excerpt":"Por qu\u00e9 no deber\u00eda utilizarse Smartick ni ninguna otra app de aprendizaje antes de los 6 a\u00f1os. Los expertos recomiendan no utilizar pantallas antes de esa edad y lo \u00fanico que conseguimos es normalizar su uso a trav\u00e9s de algo educativo. Hace un a\u00f1o y medio, en pleno confinamiento, escrib\u00ed\u2026","rel":"","context":"En \u00abEDUCACI\u00d3N\u00bb","block_context":{"text":"EDUCACI\u00d3N","link":"https:\/\/oui-oui.es\/blog\/category\/educacion\/"},"img":{"alt_text":"","src":"https:\/\/i0.wp.com\/oui-oui.es\/blog\/wp-content\/uploads\/2021\/09\/Oui-Oui-Opiniones-Smartick-Smartick-en-infantil-Consecuencias-uso-pantallas-ninos-0-a-6.jpg?resize=350%2C200&ssl=1","width":350,"height":200,"srcset":"https:\/\/i0.wp.com\/oui-oui.es\/blog\/wp-content\/uploads\/2021\/09\/Oui-Oui-Opiniones-Smartick-Smartick-en-infantil-Consecuencias-uso-pantallas-ninos-0-a-6.jpg?resize=350%2C200&ssl=1 1x, https:\/\/i0.wp.com\/oui-oui.es\/blog\/wp-content\/uploads\/2021\/09\/Oui-Oui-Opiniones-Smartick-Smartick-en-infantil-Consecuencias-uso-pantallas-ninos-0-a-6.jpg?resize=525%2C300&ssl=1 1.5x, https:\/\/i0.wp.com\/oui-oui.es\/blog\/wp-content\/uploads\/2021\/09\/Oui-Oui-Opiniones-Smartick-Smartick-en-infantil-Consecuencias-uso-pantallas-ninos-0-a-6.jpg?resize=700%2C400&ssl=1 2x"},"classes":[]}],"_links":{"self":[{"href":"https:\/\/oui-oui.es\/blog\/wp-json\/wp\/v2\/posts\/9996","targetHints":{"allow":["GET"]}}],"collection":[{"href":"https:\/\/oui-oui.es\/blog\/wp-json\/wp\/v2\/posts"}],"about":[{"href":"https:\/\/oui-oui.es\/blog\/wp-json\/wp\/v2\/types\/post"}],"author":[{"embeddable":true,"href":"https:\/\/oui-oui.es\/blog\/wp-json\/wp\/v2\/users\/1"}],"replies":[{"embeddable":true,"href":"https:\/\/oui-oui.es\/blog\/wp-json\/wp\/v2\/comments?post=9996"}],"version-history":[{"count":1,"href":"https:\/\/oui-oui.es\/blog\/wp-json\/wp\/v2\/posts\/9996\/revisions"}],"predecessor-version":[{"id":10002,"href":"https:\/\/oui-oui.es\/blog\/wp-json\/wp\/v2\/posts\/9996\/revisions\/10002"}],"wp:featuredmedia":[{"embeddable":true,"href":"https:\/\/oui-oui.es\/blog\/wp-json\/wp\/v2\/media\/10001"}],"wp:attachment":[{"href":"https:\/\/oui-oui.es\/blog\/wp-json\/wp\/v2\/media?parent=9996"}],"wp:term":[{"taxonomy":"category","embeddable":true,"href":"https:\/\/oui-oui.es\/blog\/wp-json\/wp\/v2\/categories?post=9996"},{"taxonomy":"post_tag","embeddable":true,"href":"https:\/\/oui-oui.es\/blog\/wp-json\/wp\/v2\/tags?post=9996"}],"curies":[{"name":"wp","href":"https:\/\/api.w.org\/{rel}","templated":true}]}}